{"id":10031,"date":"2024-12-03T11:17:03","date_gmt":"2024-12-03T14:17:03","guid":{"rendered":"https:\/\/fessp-esp.org.br\/?p=10031"},"modified":"2024-12-03T11:34:17","modified_gmt":"2024-12-03T14:34:17","slug":"servidores-elegem-chapa-avancar-nas-conquistas-para-comando-do-siemesp","status":"publish","type":"post","link":"https:\/\/fessp-esp.org.br\/?p=10031","title":{"rendered":"Servidores elegem chapa Avan\u00e7ar nas Conquistas para comando do Siemesp"},"content":{"rendered":"\n<figure class=\"wp-block-image aligncenter size-large\"><img loading=\"lazy\" decoding=\"async\" width=\"1024\" height=\"168\" src=\"https:\/\/fessp-esp.org.br\/wp-content\/uploads\/2024\/02\/2-SIEMESP-1024x168.jpg\" alt=\"\" class=\"wp-image-9461\" srcset=\"https:\/\/fessp-esp.org.br\/wp-content\/uploads\/2024\/02\/2-SIEMESP-1024x168.jpg 1024w, https:\/\/fessp-esp.org.br\/wp-content\/uploads\/2024\/02\/2-SIEMESP-300x49.jpg 300w, https:\/\/fessp-esp.org.br\/wp-content\/uploads\/2024\/02\/2-SIEMESP-768x126.jpg 768w, https:\/\/fessp-esp.org.br\/wp-content\/uploads\/2024\/02\/2-SIEMESP-1536x252.jpg 1536w, https:\/\/fessp-esp.org.br\/wp-content\/uploads\/2024\/02\/2-SIEMESP-2048x336.jpg 2048w\" sizes=\"auto, (max-width: 1024px) 100vw, 1024px\" \/><\/figure>\n\n\n\n<p>Os Servidores P\u00fablicos do IPEM-SP (Instituto de Pesos e Medidas do Estado de S\u00e3o Paulo) elegeram a Chapa 2 Avan\u00e7ar nas Conquistas para o comando do Sindicato dos Executores de Metrologia do Estado de S\u00e3o Paulo (Siemesp), filiado \u00e0 Federa\u00e7\u00e3o, para o tri\u00eanio 2025\/2028. O atual presidente da entidade, Jo\u00e3o Joaci Ricarte Filho, foi reconduzido \u00e0 presid\u00eancia.<\/p>\n\n\n\n<p>A elei\u00e7\u00e3o do Siemesp ocorreu no dia 29 de novembro, por meio de assembleia geral. O pleito teve a inscri\u00e7\u00e3o de duas chapas e a vencedora obteve 225 votos (74%).<\/p>\n\n\n\n<p>A posse ser\u00e1 no dia 9 de janeiro de 2025. Al\u00e9m da diretoria executiva da entidade, foram eleitos tamb\u00e9m os membros do conselho fiscal e do conselho t\u00e9cnico de pol\u00edtica metrol\u00f3gica.<\/p>\n\n\n\n<p>Mais informa\u00e7\u00f5es, acesse o <a href=\"https:\/\/www.siemesp.org.br\/index.php\">site do Siemesp<\/a>.<\/p>\n","protected":false},"excerpt":{"rendered":"<p>Os Servidores P\u00fablicos do IPEM-SP (Instituto de Pesos e Medidas do Estado de S\u00e3o Paulo) elegeram a Chapa 2 Avan\u00e7ar<\/p>\n","protected":false},"author":3,"featured_media":9461,"comment_status":"open","ping_status":"open","sticky":false,"template":"","format":"standard","meta":{"colormag_page_container_layout":"default_layout","colormag_page_sidebar_layout":"default_layout","footnotes":""},"categories":[29,1],"tags":[],"class_list":["post-10031","post","type-post","status-publish","format-standard","has-post-thumbnail","hentry","category-nossos-filiados","category-sem-categoria"],"_links":{"self":[{"href":"https:\/\/fessp-esp.org.br\/index.php?rest_route=\/wp\/v2\/posts\/10031","targetHints":{"allow":["GET"]}}],"collection":[{"href":"https:\/\/fessp-esp.org.br\/index.php?rest_route=\/wp\/v2\/posts"}],"about":[{"href":"https:\/\/fessp-esp.org.br\/index.php?rest_route=\/wp\/v2\/types\/post"}],"author":[{"embeddable":true,"href":"https:\/\/fessp-esp.org.br\/index.php?rest_route=\/wp\/v2\/users\/3"}],"replies":[{"embeddable":true,"href":"https:\/\/fessp-esp.org.br\/index.php?rest_route=%2Fwp%2Fv2%2Fcomments&post=10031"}],"version-history":[{"count":1,"href":"https:\/\/fessp-esp.org.br\/index.php?rest_route=\/wp\/v2\/posts\/10031\/revisions"}],"predecessor-version":[{"id":10032,"href":"https:\/\/fessp-esp.org.br\/index.php?rest_route=\/wp\/v2\/posts\/10031\/revisions\/10032"}],"wp:featuredmedia":[{"embeddable":true,"href":"https:\/\/fessp-esp.org.br\/index.php?rest_route=\/wp\/v2\/media\/9461"}],"wp:attachment":[{"href":"https:\/\/fessp-esp.org.br\/index.php?rest_route=%2Fwp%2Fv2%2Fmedia&parent=10031"}],"wp:term":[{"taxonomy":"category","embeddable":true,"href":"https:\/\/fessp-esp.org.br\/index.php?rest_route=%2Fwp%2Fv2%2Fcategories&post=10031"},{"taxonomy":"post_tag","embeddable":true,"href":"https:\/\/fessp-esp.org.br\/index.php?rest_route=%2Fwp%2Fv2%2Ftags&post=10031"}],"curies":[{"name":"wp","href":"https:\/\/api.w.org\/{rel}","templated":true}]}}