{"id":10039,"date":"2024-12-05T10:18:58","date_gmt":"2024-12-05T13:18:58","guid":{"rendered":"https:\/\/fessp-esp.org.br\/?p=10039"},"modified":"2024-12-05T10:18:59","modified_gmt":"2024-12-05T13:18:59","slug":"formacao-e-comunicacao-sao-principais-propostas-da-cspb-pra-2025","status":"publish","type":"post","link":"https:\/\/fessp-esp.org.br\/?p=10039","title":{"rendered":"Forma\u00e7\u00e3o e Comunica\u00e7\u00e3o s\u00e3o principais propostas da CSPB pra 2025"},"content":{"rendered":"\n<figure class=\"wp-block-image aligncenter size-large is-resized\"><img loading=\"lazy\" decoding=\"async\" width=\"1024\" height=\"683\" src=\"https:\/\/fessp-esp.org.br\/wp-content\/uploads\/2024\/12\/DSC0207-1024x683.jpg\" alt=\"\" class=\"wp-image-10040\" style=\"width:769px;height:auto\" srcset=\"https:\/\/fessp-esp.org.br\/wp-content\/uploads\/2024\/12\/DSC0207-1024x683.jpg 1024w, https:\/\/fessp-esp.org.br\/wp-content\/uploads\/2024\/12\/DSC0207-300x200.jpg 300w, https:\/\/fessp-esp.org.br\/wp-content\/uploads\/2024\/12\/DSC0207-768x512.jpg 768w, https:\/\/fessp-esp.org.br\/wp-content\/uploads\/2024\/12\/DSC0207-1536x1025.jpg 1536w, https:\/\/fessp-esp.org.br\/wp-content\/uploads\/2024\/12\/DSC0207-2048x1367.jpg 2048w\" sizes=\"auto, (max-width: 1024px) 100vw, 1024px\" \/><figcaption class=\"wp-element-caption\">Reuni\u00e3o do Conselho de Representantes da CSPB define plano de a\u00e7\u00f5es para 2025. Foto: Renato Luque\/Imprensa Fessp-Esp.<\/figcaption><\/figure>\n\n\n\n<p>A Federa\u00e7\u00e3o participou nesta semana da Assembleia Geral Ordin\u00e1ria do Conselho de Representantes da Confedera\u00e7\u00e3o dos Servidores P\u00fablicos do Brasil (CSPB). A reuni\u00e3o ocorreu em dois dias, ter\u00e7a (3) e quarta (4), com apresenta\u00e7\u00f5es da conjuntura nacional e internacional, al\u00e9m dos desafios do sindicalismo, especialmente \u00e0s entidades representativas dos Servidores.<\/p>\n\n\n\n<p>Dentre as delibera\u00e7\u00f5es para o plano de lutas de 2025, a CSPB aprovou a previs\u00e3o or\u00e7ament\u00e1ria para o pr\u00f3ximo ano, a presta\u00e7\u00e3o de contas de 2024, al\u00e9m de discutir e aprovar as melhores estrat\u00e9gias para a Forma\u00e7\u00e3o Sindical e a Comunica\u00e7\u00e3o das entidades para com as bases e a sociedade em geral.<\/p>\n\n\n\n<p>A Forma\u00e7\u00e3o e a Comunica\u00e7\u00e3o, inclusive, s\u00e3o duas das principais propostas para o pr\u00f3ximo ano. A entidade buscar\u00e1 apoio junto \u00e0s Federa\u00e7\u00f5es e Sindicatos filiados para promover uma melhor comunica\u00e7\u00e3o com a base e com a sociedade no geral.<\/p>\n\n\n\n<p>J\u00e1 na parte da Forma\u00e7\u00e3o Sindical, a CSPB buscar\u00e1 preparar melhor seus dirigentes, a fim de que o di\u00e1logo com os Servidores P\u00fablicos seja mais abrangente e tamb\u00e9m para todos contribu\u00edrem de forma positiva nas negocia\u00e7\u00f5es com os governos.<\/p>\n\n\n\n<p>Outras delibera\u00e7\u00f5es da CSPB durante a reuni\u00e3o do Conselho de Representantes foram de ampliar o fomento do Marco Regulat\u00f3rio das Rela\u00e7\u00f5es de Trabalho no Servi\u00e7o P\u00fablico (MRSP), seguir a mobiliza\u00e7\u00e3o contra o confisco das aposentadorias na PEC 66\/2023, dentre outras.<\/p>\n\n\n\n<p>A pr\u00f3xima reuni\u00e3o convocada pela Confedera\u00e7\u00e3o ser\u00e1 anunciada em breve, com data prevista para fevereiro de 2025, e participa\u00e7\u00e3o dos presidentes e demais dirigentes das Federa\u00e7\u00f5es filiadas.<\/p>\n\n\n\n<p>Mais informa\u00e7\u00f5es, acesse o <a href=\"https:\/\/cspb.org.br\/\">site da CSPB<\/a>. <a href=\"https:\/\/drive.google.com\/drive\/folders\/15-SMVEzE2sPkMepeLiiZdpIYi2XDnADj?usp=drive_link\">Clique aqui<\/a> e acesse todas as fotos do evento.<\/p>\n","protected":false},"excerpt":{"rendered":"<p>A Federa\u00e7\u00e3o participou nesta semana da Assembleia Geral Ordin\u00e1ria do Conselho de Representantes da Confedera\u00e7\u00e3o dos Servidores P\u00fablicos do Brasil<\/p>\n","protected":false},"author":3,"featured_media":10040,"comment_status":"open","ping_status":"open","sticky":false,"template":"","format":"standard","meta":{"colormag_page_container_layout":"default_layout","colormag_page_sidebar_layout":"default_layout","footnotes":""},"categories":[1],"tags":[],"class_list":["post-10039","post","type-post","status-publish","format-standard","has-post-thumbnail","hentry","category-sem-categoria"],"_links":{"self":[{"href":"https:\/\/fessp-esp.org.br\/index.php?rest_route=\/wp\/v2\/posts\/10039","targetHints":{"allow":["GET"]}}],"collection":[{"href":"https:\/\/fessp-esp.org.br\/index.php?rest_route=\/wp\/v2\/posts"}],"about":[{"href":"https:\/\/fessp-esp.org.br\/index.php?rest_route=\/wp\/v2\/types\/post"}],"author":[{"embeddable":true,"href":"https:\/\/fessp-esp.org.br\/index.php?rest_route=\/wp\/v2\/users\/3"}],"replies":[{"embeddable":true,"href":"https:\/\/fessp-esp.org.br\/index.php?rest_route=%2Fwp%2Fv2%2Fcomments&post=10039"}],"version-history":[{"count":1,"href":"https:\/\/fessp-esp.org.br\/index.php?rest_route=\/wp\/v2\/posts\/10039\/revisions"}],"predecessor-version":[{"id":10041,"href":"https:\/\/fessp-esp.org.br\/index.php?rest_route=\/wp\/v2\/posts\/10039\/revisions\/10041"}],"wp:featuredmedia":[{"embeddable":true,"href":"https:\/\/fessp-esp.org.br\/index.php?rest_route=\/wp\/v2\/media\/10040"}],"wp:attachment":[{"href":"https:\/\/fessp-esp.org.br\/index.php?rest_route=%2Fwp%2Fv2%2Fmedia&parent=10039"}],"wp:term":[{"taxonomy":"category","embeddable":true,"href":"https:\/\/fessp-esp.org.br\/index.php?rest_route=%2Fwp%2Fv2%2Fcategories&post=10039"},{"taxonomy":"post_tag","embeddable":true,"href":"https:\/\/fessp-esp.org.br\/index.php?rest_route=%2Fwp%2Fv2%2Ftags&post=10039"}],"curies":[{"name":"wp","href":"https:\/\/api.w.org\/{rel}","templated":true}]}}