{"id":10164,"date":"2025-03-13T12:57:07","date_gmt":"2025-03-13T15:57:07","guid":{"rendered":"https:\/\/fessp-esp.org.br\/?p=10164"},"modified":"2025-03-13T12:57:08","modified_gmt":"2025-03-13T15:57:08","slug":"diretor-da-fessp-esp-denuncia-retaliacao-do-governo-as-entidades-sindicais","status":"publish","type":"post","link":"https:\/\/fessp-esp.org.br\/?p=10164","title":{"rendered":"Diretor da Fessp-Esp denuncia retalia\u00e7\u00e3o do Governo \u00e0s entidades sindicais"},"content":{"rendered":"\n<figure class=\"wp-block-image aligncenter size-large is-resized\"><img loading=\"lazy\" decoding=\"async\" width=\"1024\" height=\"682\" src=\"https:\/\/fessp-esp.org.br\/wp-content\/uploads\/2024\/08\/magno-1024x682.jpg\" alt=\"\" class=\"wp-image-9815\" style=\"width:616px;height:auto\" srcset=\"https:\/\/fessp-esp.org.br\/wp-content\/uploads\/2024\/08\/magno-1024x682.jpg 1024w, https:\/\/fessp-esp.org.br\/wp-content\/uploads\/2024\/08\/magno-300x200.jpg 300w, https:\/\/fessp-esp.org.br\/wp-content\/uploads\/2024\/08\/magno-768x512.jpg 768w, https:\/\/fessp-esp.org.br\/wp-content\/uploads\/2024\/08\/magno-1536x1023.jpg 1536w, https:\/\/fessp-esp.org.br\/wp-content\/uploads\/2024\/08\/magno.jpg 1600w\" sizes=\"auto, (max-width: 1024px) 100vw, 1024px\" \/><figcaption class=\"wp-element-caption\">Magno Cirino, diretor de Sa\u00fade e Seguran\u00e7a no Trabalho da Fessp-Esp, denuncia pr\u00e1ticas antissindicais por parte do Governo Paulista. Foto: Marcos Languanje\/Sindicatos Online.<\/figcaption><\/figure>\n\n\n\n<p>O diretor de Seguran\u00e7a e Sa\u00fade no Trabalho da Federa\u00e7\u00e3o, Magno Alexandre Cirino, denunciou nesta quarta (12) as pr\u00e1ticas antissindicais do Governo do Estado, com o objetivo de enfraquecer a organiza\u00e7\u00e3o e a luta dos trabalhadores. De acordo com Magno, este tipo de retalia\u00e7\u00e3o \u00e9 recorrente.<\/p>\n\n\n\n<p>A den\u00fancia se d\u00e1 ap\u00f3s epis\u00f3dio de persegui\u00e7\u00e3o aos dirigentes do Sindicato dos Servidores do Minist\u00e9rio P\u00fablico de S\u00e3o Paulo (Sindsemp), tamb\u00e9m filiado \u00e0 Federa\u00e7\u00e3o. Segundo a presidente da entidade, Ticiane Natale, a Procuradoria Geral de Justi\u00e7a assinou representa\u00e7\u00f5es contra os servidores motivadas por suas falas durante manifesta\u00e7\u00e3o conduzida pelo Sindsemp.<\/p>\n\n\n\n<p>&#8220;\u00c0s vezes, o Poder P\u00fablico chancela essas arbitrariedades do Governo de S\u00e3o Paulo&#8221;, afirma Magno. Segundo o dirigente, ele tamb\u00e9m j\u00e1 sofreu repres\u00e1lias por cumprir seu dever enquanto dirigente sindical, ap\u00f3s uma den\u00fancia de prevarica\u00e7\u00e3o.<\/p>\n\n\n\n<p>Em janeiro de 2020, um motim ocorreu na Penitenci\u00e1ria de Taquarituba, interior de S\u00e3o Paulo. Na ocasi\u00e3o, diversos presos se recusaram a adentrar as celas, em uma afronta direta \u00e0 ordem disciplinar imposta na unidade e tamb\u00e9m em desafio aos policiais penais que trabalhavam no plant\u00e3o da carceragem.<\/p>\n\n\n\n<p>&#8220;Investido das prerrogativas de dirigente sindical, denunciei a prevarica\u00e7\u00e3o do diretor de Seguran\u00e7a e Disciplina por n\u00e3o impor o rigor da lei aos detentos amotinados. Fui penalizado, com pena majorada pela assist\u00eancia t\u00e9cnica do secret\u00e1rio&#8221;, denuncia Magno.<\/p>\n\n\n\n<p>Conforme informa\u00e7\u00f5es, cerca de 50 detentos descumpriam a ordem e desafiavam a disciplina imposta na Penitenci\u00e1ria Taquarituba. Ao final, estes sentenciados adentraram as celas, e nove foram conduzidos ao Pavilh\u00e3o Disciplinar para cumprir castigo, o chamado Regime de Cela Disciplinar.<\/p>\n\n\n\n<p>Para Magno, ao denunciar a prevarica\u00e7\u00e3o do diretor de Seguran\u00e7a e Disciplina por n\u00e3o impor o rigor da lei aos detentos, era esperado que o Governo do Estado tomasse medidas cab\u00edveis. Mas, pelo contr\u00e1rio, as medidas foram tomadas contra o dirigente sindical que atuou conforme suas prerrogativas.<\/p>\n\n\n\n<p>&#8220;Se n\u00e3o houver uma forma de barrar essas arbitrariedades contra as organiza\u00e7\u00f5es sindicais, seremos extintos. Persegui\u00e7\u00e3o a dirigentes sindicais se tornou um ato institucional normativo&#8221;, prossegue Magno.<\/p>\n\n\n\n<p>Ele conta tamb\u00e9m que esta n\u00e3o \u00e9 a primeira vez e, infelizmente, n\u00e3o ser\u00e1 a \u00faltima que isso ocorre. &#8220;Quando participei do 1\u00ba Simp\u00f3sio de Combate ao Ass\u00e9dio no Servi\u00e7o P\u00fablico, evento promovido pela Federa\u00e7\u00e3o e Sindicatos filiados, o meu dia de trabalho foi regularizado pelo Diretor Geral da Unidade em que atuo. Agora, passados quase 120 dias do evento, a regulariza\u00e7\u00e3o foi indeferida pelo secret\u00e1rio, o que me gerou tr\u00eas faltas injustificadas e outros preju\u00edzos&#8221;, completa.<\/p>\n\n\n\n<p>Para Magno, este tipo de den\u00fancia \u00e9 importante para que as entidades sindicais consigam definir e desenvolver uma estrat\u00e9gia de enfrentamento para combater as arbitrariedades e pol\u00edticas antissindicais promovidas pelo Governo do Estado de S\u00e3o Paulo.<\/p>\n\n\n\n<p><\/p>\n","protected":false},"excerpt":{"rendered":"<p>O diretor de Seguran\u00e7a e Sa\u00fade no Trabalho da Federa\u00e7\u00e3o, Magno Alexandre Cirino, denunciou nesta quarta (12) as pr\u00e1ticas antissindicais<\/p>\n","protected":false},"author":5,"featured_media":9815,"comment_status":"open","ping_status":"open","sticky":false,"template":"","format":"standard","meta":{"colormag_page_container_layout":"default_layout","colormag_page_sidebar_layout":"default_layout","footnotes":""},"categories":[1],"tags":[],"class_list":["post-10164","post","type-post","status-publish","format-standard","has-post-thumbnail","hentry","category-sem-categoria"],"_links":{"self":[{"href":"https:\/\/fessp-esp.org.br\/index.php?rest_route=\/wp\/v2\/posts\/10164","targetHints":{"allow":["GET"]}}],"collection":[{"href":"https:\/\/fessp-esp.org.br\/index.php?rest_route=\/wp\/v2\/posts"}],"about":[{"href":"https:\/\/fessp-esp.org.br\/index.php?rest_route=\/wp\/v2\/types\/post"}],"author":[{"embeddable":true,"href":"https:\/\/fessp-esp.org.br\/index.php?rest_route=\/wp\/v2\/users\/5"}],"replies":[{"embeddable":true,"href":"https:\/\/fessp-esp.org.br\/index.php?rest_route=%2Fwp%2Fv2%2Fcomments&post=10164"}],"version-history":[{"count":1,"href":"https:\/\/fessp-esp.org.br\/index.php?rest_route=\/wp\/v2\/posts\/10164\/revisions"}],"predecessor-version":[{"id":10166,"href":"https:\/\/fessp-esp.org.br\/index.php?rest_route=\/wp\/v2\/posts\/10164\/revisions\/10166"}],"wp:featuredmedia":[{"embeddable":true,"href":"https:\/\/fessp-esp.org.br\/index.php?rest_route=\/wp\/v2\/media\/9815"}],"wp:attachment":[{"href":"https:\/\/fessp-esp.org.br\/index.php?rest_route=%2Fwp%2Fv2%2Fmedia&parent=10164"}],"wp:term":[{"taxonomy":"category","embeddable":true,"href":"https:\/\/fessp-esp.org.br\/index.php?rest_route=%2Fwp%2Fv2%2Fcategories&post=10164"},{"taxonomy":"post_tag","embeddable":true,"href":"https:\/\/fessp-esp.org.br\/index.php?rest_route=%2Fwp%2Fv2%2Ftags&post=10164"}],"curies":[{"name":"wp","href":"https:\/\/api.w.org\/{rel}","templated":true}]}}