{"id":10594,"date":"2025-12-09T16:15:21","date_gmt":"2025-12-09T19:15:21","guid":{"rendered":"https:\/\/fessp-esp.org.br\/?p=10594"},"modified":"2025-12-10T19:16:25","modified_gmt":"2025-12-10T22:16:25","slug":"pec-do-retrocesso-o-desmonte-da-justica-do-trabalho-e-a-ameaca-a-vida-do-trabalhador-brasileiro","status":"publish","type":"post","link":"https:\/\/fessp-esp.org.br\/?p=10594","title":{"rendered":"PEC do Retrocesso: O desmonte da Justi\u00e7a do Trabalho e a amea\u00e7a \u00e0 vida do trabalhador brasileiro."},"content":{"rendered":"\n<figure class=\"wp-block-image alignleft size-large is-resized\"><img loading=\"lazy\" decoding=\"async\" width=\"1024\" height=\"682\" src=\"https:\/\/fessp-esp.org.br\/wp-content\/uploads\/2024\/08\/magno-1024x682.jpg\" alt=\"\" class=\"wp-image-9815\" style=\"width:456px;height:auto\" srcset=\"https:\/\/fessp-esp.org.br\/wp-content\/uploads\/2024\/08\/magno-1024x682.jpg 1024w, https:\/\/fessp-esp.org.br\/wp-content\/uploads\/2024\/08\/magno-300x200.jpg 300w, https:\/\/fessp-esp.org.br\/wp-content\/uploads\/2024\/08\/magno-768x512.jpg 768w, https:\/\/fessp-esp.org.br\/wp-content\/uploads\/2024\/08\/magno-1536x1023.jpg 1536w, https:\/\/fessp-esp.org.br\/wp-content\/uploads\/2024\/08\/magno.jpg 1600w\" sizes=\"auto, (max-width: 1024px) 100vw, 1024px\" \/><figcaption class=\"wp-element-caption\">Magno Cirino \u00e9 Diretor de Sa\u00fade e Seguran\u00e7a no Trabalho da Federa\u00e7\u00e3o.<\/figcaption><\/figure>\n\n\n\n<p><strong><em>*Opini\u00e3o &#8211; Magno Cirino, Diretor de Sa\u00fade e Seguran\u00e7a no Trabalho da Federa\u00e7\u00e3o<\/em><\/strong><\/p>\n\n\n\n<p>A not\u00edcia de que o deputado federal Luiz Philippe de Orleans e Bragan\u00e7a reuniu 60 assinaturas para protocolar uma Proposta de Emenda \u00e0 Constitui\u00e7\u00e3o (PEC) que visa extinguir a Justi\u00e7a do Trabalho e o Minist\u00e9rio P\u00fablico do Trabalho (MPT) deve ser recebida com extrema preocupa\u00e7\u00e3o pela sociedade brasileira. O apoio obtido sinaliza uma ofensiva perigosa contra um dos pilares da seguran\u00e7a social no pa\u00eds.<\/p>\n\n\n\n<p>A justificativa apresentada pelo parlamentar \u2014 de que o modelo atual \u00e9 &#8220;custoso, politizado e incentiva disputas judiciais desnecess\u00e1rias&#8221; \u2014 apoia-se em uma vis\u00e3o simplista e puramente cont\u00e1bil da justi\u00e7a. Ao propor que os processos sejam redistribu\u00eddos para a Justi\u00e7a Federal ou para os tribunais estaduais, o texto ignora o colapso log\u00edstico que tal fus\u00e3o provocaria. Contudo, o perigo vai muito al\u00e9m da lentid\u00e3o processual: ele atinge a integridade f\u00edsica dos trabalhadores.<\/p>\n\n\n\n<p><strong>O Desmonte da Sa\u00fade e Seguran\u00e7a no Trabalho<\/strong><\/p>\n\n\n\n<p>Um dos pontos mais alarmantes \u00e9 a proposta de extinguir o Minist\u00e9rio P\u00fablico do Trabalho (MPT), diluindo suas fun\u00e7\u00f5es entre outros \u00f3rg\u00e3os. \u00c9 neste cen\u00e1rio que a Diretoria para Assuntos de Sa\u00fade e Seguran\u00e7a do Trabalho da Federa\u00e7\u00e3o dos Sindicatos dos Servidores P\u00fablicos no Estado de S\u00e3o Paulo &#8211; Fessp Esp refor\u00e7a o alerta: o fim da justi\u00e7a especializada desarticula a principal rede de prote\u00e7\u00e3o contra acidentes e doen\u00e7as ocupacionais.<\/p>\n\n\n\n<p>A atua\u00e7\u00e3o do MPT e da Justi\u00e7a do Trabalho \u00e9 vital para a preven\u00e7\u00e3o de trag\u00e9dias e para a fiscaliza\u00e7\u00e3o de normas de seguran\u00e7a. Transferir essa compet\u00eancia para \u00f3rg\u00e3os n\u00e3o especializados, como sugere a Proposta, inviabiliza o olhar t\u00e9cnico necess\u00e1rio para identificar riscos laborais, deixando servidores e trabalhadores da iniciativa privada vulner\u00e1veis a ambientes insalubres e perigosos.<\/p>\n\n\n\n<p><strong>O Colapso da Celeridade Processual<\/strong><\/p>\n\n\n\n<p>A Justi\u00e7a Comum j\u00e1 enfrenta um congestionamento hist\u00f3rico. A Justi\u00e7a do Trabalho, por sua vez, \u00e9 reconhecida por lidar com verbas de natureza alimentar (sal\u00e1rios, rescis\u00f5es) que garantem a sobreviv\u00eancia do trabalhador. Transferir essa compet\u00eancia para ju\u00edzes que j\u00e1 est\u00e3o sobrecarregados com demandas c\u00edveis e criminais, como prop\u00f5e o texto, n\u00e3o trar\u00e1 &#8220;racionalidade&#8221;. Criar\u00e1 apenas um gargalo onde o trabalhador ter\u00e1 que esperar anos por uma decis\u00e3o.<\/p>\n\n\n\n<p><strong>Um Debate Necess\u00e1rio, Mas Perigoso<\/strong><\/p>\n\n\n\n<p>Entidades como a Associa\u00e7\u00e3o Nacional dos Magistrados da Justi\u00e7a do Trabalho (Anamatra) j\u00e1 classificaram a proposta como um risco severo \u00e0 prote\u00e7\u00e3o trabalhista. A Fessp Esp, atrav\u00e9s de sua Diretoria de Sa\u00fade e Seguran\u00e7a, soma-se a esse coro, evidenciando que a extin\u00e7\u00e3o desses \u00f3rg\u00e3os n\u00e3o representa economia, mas sim o abandono da fiscaliza\u00e7\u00e3o que salva vidas.<\/p>\n\n\n\n<p>O texto seguir\u00e1 para a Comiss\u00e3o de Constitui\u00e7\u00e3o e Justi\u00e7a (CCJ). A sociedade precisa compreender que a Justi\u00e7a do Trabalho n\u00e3o \u00e9 um privil\u00e9gio, mas uma barreira civilizat\u00f3ria. Extingui-la n\u00e3o \u00e9 modernizar o Estado; \u00e9 precarizar a vida humana e a seguran\u00e7a de quem constr\u00f3i o pa\u00eds.<\/p>\n","protected":false},"excerpt":{"rendered":"<p>*Opini\u00e3o &#8211; Magno Cirino, Diretor de Sa\u00fade e Seguran\u00e7a no Trabalho da Federa\u00e7\u00e3o A not\u00edcia de que o deputado federal<\/p>\n","protected":false},"author":3,"featured_media":9815,"comment_status":"open","ping_status":"open","sticky":false,"template":"","format":"standard","meta":{"colormag_page_container_layout":"default_layout","colormag_page_sidebar_layout":"default_layout","footnotes":""},"categories":[1],"tags":[],"class_list":["post-10594","post","type-post","status-publish","format-standard","has-post-thumbnail","hentry","category-sem-categoria"],"_links":{"self":[{"href":"https:\/\/fessp-esp.org.br\/index.php?rest_route=\/wp\/v2\/posts\/10594","targetHints":{"allow":["GET"]}}],"collection":[{"href":"https:\/\/fessp-esp.org.br\/index.php?rest_route=\/wp\/v2\/posts"}],"about":[{"href":"https:\/\/fessp-esp.org.br\/index.php?rest_route=\/wp\/v2\/types\/post"}],"author":[{"embeddable":true,"href":"https:\/\/fessp-esp.org.br\/index.php?rest_route=\/wp\/v2\/users\/3"}],"replies":[{"embeddable":true,"href":"https:\/\/fessp-esp.org.br\/index.php?rest_route=%2Fwp%2Fv2%2Fcomments&post=10594"}],"version-history":[{"count":2,"href":"https:\/\/fessp-esp.org.br\/index.php?rest_route=\/wp\/v2\/posts\/10594\/revisions"}],"predecessor-version":[{"id":10602,"href":"https:\/\/fessp-esp.org.br\/index.php?rest_route=\/wp\/v2\/posts\/10594\/revisions\/10602"}],"wp:featuredmedia":[{"embeddable":true,"href":"https:\/\/fessp-esp.org.br\/index.php?rest_route=\/wp\/v2\/media\/9815"}],"wp:attachment":[{"href":"https:\/\/fessp-esp.org.br\/index.php?rest_route=%2Fwp%2Fv2%2Fmedia&parent=10594"}],"wp:term":[{"taxonomy":"category","embeddable":true,"href":"https:\/\/fessp-esp.org.br\/index.php?rest_route=%2Fwp%2Fv2%2Fcategories&post=10594"},{"taxonomy":"post_tag","embeddable":true,"href":"https:\/\/fessp-esp.org.br\/index.php?rest_route=%2Fwp%2Fv2%2Ftags&post=10594"}],"curies":[{"name":"wp","href":"https:\/\/api.w.org\/{rel}","templated":true}]}}