{"id":10596,"date":"2025-12-09T15:18:42","date_gmt":"2025-12-09T18:18:42","guid":{"rendered":"https:\/\/fessp-esp.org.br\/?p=10596"},"modified":"2025-12-09T15:18:42","modified_gmt":"2025-12-09T18:18:42","slug":"escola-sindical-para-jovens-do-brasil-e-lancada-em-sao-paulo","status":"publish","type":"post","link":"https:\/\/fessp-esp.org.br\/?p=10596","title":{"rendered":"Escola Sindical para Jovens do Brasil \u00e9 lan\u00e7ada em S\u00e3o Paulo"},"content":{"rendered":"\n<figure class=\"wp-block-image aligncenter size-large\"><img loading=\"lazy\" decoding=\"async\" width=\"1024\" height=\"683\" src=\"https:\/\/fessp-esp.org.br\/wp-content\/uploads\/2025\/12\/DSC0525-1024x683.jpg\" alt=\"\" class=\"wp-image-10597\" srcset=\"https:\/\/fessp-esp.org.br\/wp-content\/uploads\/2025\/12\/DSC0525-1024x683.jpg 1024w, https:\/\/fessp-esp.org.br\/wp-content\/uploads\/2025\/12\/DSC0525-300x200.jpg 300w, https:\/\/fessp-esp.org.br\/wp-content\/uploads\/2025\/12\/DSC0525-768x512.jpg 768w, https:\/\/fessp-esp.org.br\/wp-content\/uploads\/2025\/12\/DSC0525-1536x1025.jpg 1536w, https:\/\/fessp-esp.org.br\/wp-content\/uploads\/2025\/12\/DSC0525-2048x1367.jpg 2048w\" sizes=\"auto, (max-width: 1024px) 100vw, 1024px\" \/><figcaption class=\"wp-element-caption\">Federa\u00e7\u00e3o marcou presen\u00e7a no lan\u00e7amento da Escola Sindical para Jovens do Brasil, promovida pela Internacional do Servi\u00e7o P\u00fablico (ISP\/PSI). Foto: Renato Luque\/Imprensa Fessp-Esp.<\/figcaption><\/figure>\n\n\n\n<p>A Internacional do Servi\u00e7o P\u00fablico (ISP\/PSI), por meio da sua Regional Interamericana, promove nesta semana, de 9 a 12 de dezembro, o lan\u00e7amento da Escola Sindical para Jovens do Brasil. O evento acontece no Audit\u00f3rio do Sindsep (Sindicato dos Servidores P\u00fablicos Municipais de S\u00e3o Paulo) e re\u00fane lideran\u00e7as sindicais de diversas entidades.<\/p>\n\n\n\n<p>Na manh\u00e3 desta ter\u00e7a-feira (9), o presidente licenciado da Federa\u00e7\u00e3o e vice-presidente da CSPB (Confedera\u00e7\u00e3o dos Servidores P\u00fablicos do Brasil), Lineu Mazano, destacou a import\u00e2ncia da comunica\u00e7\u00e3o sindical como ferramenta estrat\u00e9gica para atrair jovens ao movimento sindical, especialmente no setor p\u00fablico.<\/p>\n\n\n\n<p>\u201cA juventude precisa compreender que o Sindicato \u00e9 um espa\u00e7o de luta e de conquistas. A comunica\u00e7\u00e3o sindical tem papel fundamental para aproximar os jovens e mostrar que suas vozes podem transformar a realidade do servi\u00e7o p\u00fablico\u201d, afirma Lineu Mazano.<\/p>\n\n\n\n<p>O presidente em exerc\u00edcio da Fessp-Esp, Eduardo Becker, tamb\u00e9m ressalta o car\u00e1ter hist\u00f3rico da iniciativa e o papel da forma\u00e7\u00e3o sindical para fortalecer o movimento.<\/p>\n\n\n\n<p>\u201cEste \u00e9 um momento de renova\u00e7\u00e3o e de esperan\u00e7a. A Escola Sindical para Jovens \u00e9 uma oportunidade para preparar novas lideran\u00e7as e garantir que o sindicalismo continue sendo um instrumento de defesa dos direitos dos trabalhadores\u201d, aponta Becker.<\/p>\n\n\n\n<p>Al\u00e9m de Mazano e Becker, participam do evento a diretora de rela\u00e7\u00f5es intersindicais e forma\u00e7\u00e3o sindical da Fessp-Esp, Karla Campos, e a diretora da mulher e igualdade racial, K\u00e1tia Rodrigues, refor\u00e7ando o compromisso da entidade com a diversidade e a inclus\u00e3o no movimento sindical.<\/p>\n","protected":false},"excerpt":{"rendered":"<p>A Internacional do Servi\u00e7o P\u00fablico (ISP\/PSI), por meio da sua Regional Interamericana, promove nesta semana, de 9 a 12 de<\/p>\n","protected":false},"author":3,"featured_media":10597,"comment_status":"open","ping_status":"open","sticky":false,"template":"","format":"standard","meta":{"colormag_page_container_layout":"default_layout","colormag_page_sidebar_layout":"default_layout","footnotes":""},"categories":[1],"tags":[],"class_list":["post-10596","post","type-post","status-publish","format-standard","has-post-thumbnail","hentry","category-sem-categoria"],"_links":{"self":[{"href":"https:\/\/fessp-esp.org.br\/index.php?rest_route=\/wp\/v2\/posts\/10596","targetHints":{"allow":["GET"]}}],"collection":[{"href":"https:\/\/fessp-esp.org.br\/index.php?rest_route=\/wp\/v2\/posts"}],"about":[{"href":"https:\/\/fessp-esp.org.br\/index.php?rest_route=\/wp\/v2\/types\/post"}],"author":[{"embeddable":true,"href":"https:\/\/fessp-esp.org.br\/index.php?rest_route=\/wp\/v2\/users\/3"}],"replies":[{"embeddable":true,"href":"https:\/\/fessp-esp.org.br\/index.php?rest_route=%2Fwp%2Fv2%2Fcomments&post=10596"}],"version-history":[{"count":1,"href":"https:\/\/fessp-esp.org.br\/index.php?rest_route=\/wp\/v2\/posts\/10596\/revisions"}],"predecessor-version":[{"id":10598,"href":"https:\/\/fessp-esp.org.br\/index.php?rest_route=\/wp\/v2\/posts\/10596\/revisions\/10598"}],"wp:featuredmedia":[{"embeddable":true,"href":"https:\/\/fessp-esp.org.br\/index.php?rest_route=\/wp\/v2\/media\/10597"}],"wp:attachment":[{"href":"https:\/\/fessp-esp.org.br\/index.php?rest_route=%2Fwp%2Fv2%2Fmedia&parent=10596"}],"wp:term":[{"taxonomy":"category","embeddable":true,"href":"https:\/\/fessp-esp.org.br\/index.php?rest_route=%2Fwp%2Fv2%2Fcategories&post=10596"},{"taxonomy":"post_tag","embeddable":true,"href":"https:\/\/fessp-esp.org.br\/index.php?rest_route=%2Fwp%2Fv2%2Ftags&post=10596"}],"curies":[{"name":"wp","href":"https:\/\/api.w.org\/{rel}","templated":true}]}}