{"id":10599,"date":"2025-12-10T16:24:28","date_gmt":"2025-12-10T19:24:28","guid":{"rendered":"https:\/\/fessp-esp.org.br\/?p=10599"},"modified":"2025-12-10T16:24:28","modified_gmt":"2025-12-10T19:24:28","slug":"escola-sindical-debate-organizacao-e-desafios-da-comunicacao","status":"publish","type":"post","link":"https:\/\/fessp-esp.org.br\/?p=10599","title":{"rendered":"Escola Sindical debate organiza\u00e7\u00e3o e desafios da comunica\u00e7\u00e3o"},"content":{"rendered":"\n<figure class=\"wp-block-image aligncenter size-large is-resized\"><img loading=\"lazy\" decoding=\"async\" width=\"1024\" height=\"683\" src=\"https:\/\/fessp-esp.org.br\/wp-content\/uploads\/2025\/12\/MG_6937-1024x683.jpg\" alt=\"\" class=\"wp-image-10600\" style=\"width:717px;height:auto\" srcset=\"https:\/\/fessp-esp.org.br\/wp-content\/uploads\/2025\/12\/MG_6937-1024x683.jpg 1024w, https:\/\/fessp-esp.org.br\/wp-content\/uploads\/2025\/12\/MG_6937-300x200.jpg 300w, https:\/\/fessp-esp.org.br\/wp-content\/uploads\/2025\/12\/MG_6937-768x512.jpg 768w, https:\/\/fessp-esp.org.br\/wp-content\/uploads\/2025\/12\/MG_6937-1536x1024.jpg 1536w, https:\/\/fessp-esp.org.br\/wp-content\/uploads\/2025\/12\/MG_6937-2048x1365.jpg 2048w\" sizes=\"auto, (max-width: 1024px) 100vw, 1024px\" \/><figcaption class=\"wp-element-caption\">Escola Sindical promove debate sobre organiza\u00e7\u00e3o, conservadorismo e desafios da comunica\u00e7\u00e3o sindical. Foto: \u00a0Jo\u00e3o Marcos\/Imprensa Fessp-Esp.<\/figcaption><\/figure>\n\n\n\n<p>A Internacional de Servi\u00e7os P\u00fablicos (ISP\/PSI), por meio de sua Regional Interamericana, realizou entre os dias 9 e 12 de dezembro o lan\u00e7amento da Escola Sindical para Jovens do Brasil, no Audit\u00f3rio do Sindsep, sindicato que representa os servidores p\u00fablicos municipais de S\u00e3o Paulo, reunindo lideran\u00e7as sindicais de diversas entidades do pa\u00eds.<\/p>\n\n\n\n<p>No contexto da programa\u00e7\u00e3o formativa, uma das atividades contou com a participa\u00e7\u00e3o de Eduardo Becker, presidente em exerc\u00edcio da Federa\u00e7\u00e3o dos Sindicatos dos Servidores P\u00fablicos do Estado de S\u00e3o Paulo (FESSP-ESP), e Karla Campos, diretora de Rela\u00e7\u00f5es Intersindicais e Forma\u00e7\u00e3o Sindical da FESSP-ESP, que conduziram uma apresenta\u00e7\u00e3o abordando temas centrais para o movimento sindical contempor\u00e2neo.<\/p>\n\n\n\n<p>Durante o debate, foi apresentada uma enquete ao p\u00fablico e discutida uma pesquisa que aponta maior tend\u00eancia de posicionamento conservador entre homens em rela\u00e7\u00e3o \u00e0s mulheres, buscando compreender como fatores sociais e culturais impactam a organiza\u00e7\u00e3o coletiva e o engajamento sindical.<\/p>\n\n\n\n<p>Os debatedores destacaram que a sindicaliza\u00e7\u00e3o deve ser entendida como um processo pol\u00edtico e formativo, fundamental para fortalecer a representa\u00e7\u00e3o dos servidores p\u00fablicos, enfrentar retrocessos e garantir direitos trabalhistas. Tamb\u00e9m foi ressaltada a import\u00e2ncia de investir em novas linguagens e estrat\u00e9gias de comunica\u00e7\u00e3o, especialmente para dialogar com a juventude e ampliar a participa\u00e7\u00e3o nas entidades.<\/p>\n\n\n\n<p>Entre os desafios apontados, destacou-se a falta de comunica\u00e7\u00e3o direta entre servidores e sindicatos, considerada um dos principais obst\u00e1culos para o fortalecimento da organiza\u00e7\u00e3o coletiva. A discuss\u00e3o refor\u00e7ou a necessidade de aproxima\u00e7\u00e3o das entidades com suas bases, sobretudo com os trabalhadores mais jovens.<\/p>\n\n\n\n<p>Com a participa\u00e7\u00e3o de dirigentes da FESSP-ESP, a Escola Sindical para Jovens reafirma o compromisso com a forma\u00e7\u00e3o de novas lideran\u00e7as, a renova\u00e7\u00e3o geracional, a diversidade e a inclus\u00e3o no movimento sindical do servi\u00e7o p\u00fablico.<\/p>\n","protected":false},"excerpt":{"rendered":"<p>A Internacional de Servi\u00e7os P\u00fablicos (ISP\/PSI), por meio de sua Regional Interamericana, realizou entre os dias 9 e 12 de<\/p>\n","protected":false},"author":5,"featured_media":10600,"comment_status":"open","ping_status":"open","sticky":false,"template":"","format":"standard","meta":{"colormag_page_container_layout":"default_layout","colormag_page_sidebar_layout":"default_layout","footnotes":""},"categories":[1],"tags":[],"class_list":["post-10599","post","type-post","status-publish","format-standard","has-post-thumbnail","hentry","category-sem-categoria"],"_links":{"self":[{"href":"https:\/\/fessp-esp.org.br\/index.php?rest_route=\/wp\/v2\/posts\/10599","targetHints":{"allow":["GET"]}}],"collection":[{"href":"https:\/\/fessp-esp.org.br\/index.php?rest_route=\/wp\/v2\/posts"}],"about":[{"href":"https:\/\/fessp-esp.org.br\/index.php?rest_route=\/wp\/v2\/types\/post"}],"author":[{"embeddable":true,"href":"https:\/\/fessp-esp.org.br\/index.php?rest_route=\/wp\/v2\/users\/5"}],"replies":[{"embeddable":true,"href":"https:\/\/fessp-esp.org.br\/index.php?rest_route=%2Fwp%2Fv2%2Fcomments&post=10599"}],"version-history":[{"count":1,"href":"https:\/\/fessp-esp.org.br\/index.php?rest_route=\/wp\/v2\/posts\/10599\/revisions"}],"predecessor-version":[{"id":10601,"href":"https:\/\/fessp-esp.org.br\/index.php?rest_route=\/wp\/v2\/posts\/10599\/revisions\/10601"}],"wp:featuredmedia":[{"embeddable":true,"href":"https:\/\/fessp-esp.org.br\/index.php?rest_route=\/wp\/v2\/media\/10600"}],"wp:attachment":[{"href":"https:\/\/fessp-esp.org.br\/index.php?rest_route=%2Fwp%2Fv2%2Fmedia&parent=10599"}],"wp:term":[{"taxonomy":"category","embeddable":true,"href":"https:\/\/fessp-esp.org.br\/index.php?rest_route=%2Fwp%2Fv2%2Fcategories&post=10599"},{"taxonomy":"post_tag","embeddable":true,"href":"https:\/\/fessp-esp.org.br\/index.php?rest_route=%2Fwp%2Fv2%2Ftags&post=10599"}],"curies":[{"name":"wp","href":"https:\/\/api.w.org\/{rel}","templated":true}]}}