{"id":10650,"date":"2026-04-30T07:00:00","date_gmt":"2026-04-30T10:00:00","guid":{"rendered":"https:\/\/fessp-esp.org.br\/?p=10650"},"modified":"2026-04-29T22:33:32","modified_gmt":"2026-04-30T01:33:32","slug":"federacao-participa-de-seminario-de-formacao-politica-e-representacao-de-classe","status":"publish","type":"post","link":"https:\/\/fessp-esp.org.br\/?p=10650","title":{"rendered":"Federa\u00e7\u00e3o participa de Semin\u00e1rio de Forma\u00e7\u00e3o Pol\u00edtica e Representa\u00e7\u00e3o de Classe"},"content":{"rendered":"\n<figure class=\"wp-block-image aligncenter size-large is-resized\"><img loading=\"lazy\" decoding=\"async\" width=\"1024\" height=\"683\" src=\"https:\/\/fessp-esp.org.br\/wp-content\/uploads\/2026\/04\/DSC0026-1024x683.jpg\" alt=\"\" class=\"wp-image-10651\" style=\"width:619px;height:auto\" srcset=\"https:\/\/fessp-esp.org.br\/wp-content\/uploads\/2026\/04\/DSC0026-1024x683.jpg 1024w, https:\/\/fessp-esp.org.br\/wp-content\/uploads\/2026\/04\/DSC0026-300x200.jpg 300w, https:\/\/fessp-esp.org.br\/wp-content\/uploads\/2026\/04\/DSC0026-768x512.jpg 768w, https:\/\/fessp-esp.org.br\/wp-content\/uploads\/2026\/04\/DSC0026-1536x1025.jpg 1536w, https:\/\/fessp-esp.org.br\/wp-content\/uploads\/2026\/04\/DSC0026-2048x1367.jpg 2048w\" sizes=\"auto, (max-width: 1024px) 100vw, 1024px\" \/><figcaption class=\"wp-element-caption\">Evento teve como objetivo preparar lideran\u00e7as sindicais para atua\u00e7\u00e3o junto \u00e0s bases nas elei\u00e7\u00f5es gerais de 2026. Foto: Renato Luque\/Imprensa Fessp-Esp.<\/figcaption><\/figure>\n\n\n\n<p>Ocorre nesta quarta (29) e quinta-feira (30) o Semin\u00e1rio de Forma\u00e7\u00e3o Pol\u00edtica e Representa\u00e7\u00e3o de Classe, em Praia Grande, Litoral de S\u00e3o Paulo. O evento, organizado pela For\u00e7a Sindical e Confedera\u00e7\u00e3o dos Servidores P\u00fablicos do Brasil (CSPB), tem como objetivo preparar as dire\u00e7\u00f5es sindicais para a atua\u00e7\u00e3o nas elei\u00e7\u00f5es gerais deste ano.<\/p>\n\n\n\n<p>A Federa\u00e7\u00e3o participa do evento, representada pelo presidente Eduardo Becker e os diretores Joalve Vasconcelos, Filipe Carri\u00e7o, Maur\u00edcio Nespeca, Karla Campos, Desir\u00e9e de Marco e K\u00e1tia Rodrigues. O presidente licenciado da Fessp-Esp, Lineu Mazano, tamb\u00e9m participa do evento, representando a CSPB.<\/p>\n\n\n\n<p>Durante a abertura do evento, o presidente da CSPB, Jo\u00e3o Domingos Gomes dos Santos, refor\u00e7ou a necessidade de unificar a luta do movimento sindical nas elei\u00e7\u00f5es gerais de 2026.<\/p>\n\n\n\n<p>&#8220;No in\u00edcio deste m\u00eas, promovemos uma marcha nacional unificada da classe trabalhadora, em Bras\u00edlia, e obtivemos avan\u00e7os importantes. Portanto, precisamos seguir mobilizados e consolidar uma Bandeira Unificada de Luta, garantindo que os servidores p\u00fablicos n\u00e3o sejam apenas espectadores, mas protagonistas das transforma\u00e7\u00f5es pol\u00edticas e tecnol\u00f3gicas que o Brasil enfrenta&#8221;, afirma Jo\u00e3o Domingos.<\/p>\n\n\n\n<p>Ainda na vis\u00e3o do dirigente, a pauta urgente dos trabalhadores, neste momento, \u00e9 pelo fim da escala 6&#215;1. &#8220;Essa vit\u00f3ria s\u00f3 ser\u00e1 alcan\u00e7ada se todos permanecerem unidos e cobrando do Congresso Nacional para que o projeto seja votado&#8221;, completa.<\/p>\n\n\n\n<figure class=\"wp-block-image aligncenter size-large is-resized\"><img loading=\"lazy\" decoding=\"async\" width=\"1024\" height=\"683\" src=\"https:\/\/fessp-esp.org.br\/wp-content\/uploads\/2026\/04\/DSC0040-1024x683.jpg\" alt=\"\" class=\"wp-image-10652\" style=\"width:609px;height:auto\" srcset=\"https:\/\/fessp-esp.org.br\/wp-content\/uploads\/2026\/04\/DSC0040-1024x683.jpg 1024w, https:\/\/fessp-esp.org.br\/wp-content\/uploads\/2026\/04\/DSC0040-300x200.jpg 300w, https:\/\/fessp-esp.org.br\/wp-content\/uploads\/2026\/04\/DSC0040-768x512.jpg 768w, https:\/\/fessp-esp.org.br\/wp-content\/uploads\/2026\/04\/DSC0040-1536x1025.jpg 1536w, https:\/\/fessp-esp.org.br\/wp-content\/uploads\/2026\/04\/DSC0040-2048x1367.jpg 2048w\" sizes=\"auto, (max-width: 1024px) 100vw, 1024px\" \/><figcaption class=\"wp-element-caption\">Segundo o presidente da Federa\u00e7\u00e3o, Eduardo Becker, o Semin\u00e1rio promovido pela For\u00e7a Sindical e CSPB \u00e9 de extrema import\u00e2ncia para o servidor p\u00fablico. Foto: Renato Luque\/Imprensa Fessp-Esp.<\/figcaption><\/figure>\n\n\n\n<p>Para o presidente da Federa\u00e7\u00e3o, Eduardo Becker, o Semin\u00e1rio \u00e9 de extrema import\u00e2ncia para o servidor p\u00fablico. &#8220;Na pr\u00f3xima elei\u00e7\u00e3o, estar\u00e3o em pauta temas de grande relev\u00e2ncia para a sociedade, tais como a preserva\u00e7\u00e3o do regime democr\u00e1tico de direito e a garantia dos direitos dos trabalhadores, em especial os do Servi\u00e7o P\u00fablico&#8221;, explica Becker.<\/p>\n\n\n\n<p>O Semin\u00e1rio de Forma\u00e7\u00e3o Pol\u00edtica e Representa\u00e7\u00e3o de Classe ocorre nos dias 29 e 30 de abril. O evento \u00e9 organizado pela For\u00e7a Sindical e pela CSPB, com apoio da Central dos Trabalhadores e Trabalhadoras do Brasil (CTB), Central das Entidades de Servidores P\u00fablicos (CESP), Central dos Sindicatos Brasileiros (CSB), Uni\u00e3o Geral dos Trabalhadores (UGT) e Nova Central Sindical de Trabalhadores (NCST). O canal da CSPB no YouTube transmite o evento ao vivo &#8211; clique aqui e acompanhe.<\/p>\n\n\n\n<figure class=\"wp-block-image aligncenter size-large is-resized\"><img loading=\"lazy\" decoding=\"async\" width=\"1024\" height=\"683\" src=\"https:\/\/fessp-esp.org.br\/wp-content\/uploads\/2026\/04\/DSC0044-1024x683.jpg\" alt=\"\" class=\"wp-image-10653\" style=\"width:670px;height:auto\" srcset=\"https:\/\/fessp-esp.org.br\/wp-content\/uploads\/2026\/04\/DSC0044-1024x683.jpg 1024w, https:\/\/fessp-esp.org.br\/wp-content\/uploads\/2026\/04\/DSC0044-300x200.jpg 300w, https:\/\/fessp-esp.org.br\/wp-content\/uploads\/2026\/04\/DSC0044-768x512.jpg 768w, https:\/\/fessp-esp.org.br\/wp-content\/uploads\/2026\/04\/DSC0044-1536x1025.jpg 1536w, https:\/\/fessp-esp.org.br\/wp-content\/uploads\/2026\/04\/DSC0044-2048x1367.jpg 2048w\" sizes=\"auto, (max-width: 1024px) 100vw, 1024px\" \/><figcaption class=\"wp-element-caption\">A Federa\u00e7\u00e3o enviou grande parte da Diretoria da entidade para participar do Semin\u00e1rio de Forma\u00e7\u00e3o Pol\u00edtica e Representa\u00e7\u00e3o de Classe. Foto: Renato Luque\/Imprensa Fessp-Esp.<\/figcaption><\/figure>\n","protected":false},"excerpt":{"rendered":"<p>Ocorre nesta quarta (29) e quinta-feira (30) o Semin\u00e1rio de Forma\u00e7\u00e3o Pol\u00edtica e Representa\u00e7\u00e3o de Classe, em Praia Grande, Litoral<\/p>\n","protected":false},"author":3,"featured_media":10653,"comment_status":"open","ping_status":"open","sticky":false,"template":"","format":"standard","meta":{"colormag_page_container_layout":"default_layout","colormag_page_sidebar_layout":"default_layout","footnotes":""},"categories":[1],"tags":[],"class_list":["post-10650","post","type-post","status-publish","format-standard","has-post-thumbnail","hentry","category-sem-categoria"],"_links":{"self":[{"href":"https:\/\/fessp-esp.org.br\/index.php?rest_route=\/wp\/v2\/posts\/10650","targetHints":{"allow":["GET"]}}],"collection":[{"href":"https:\/\/fessp-esp.org.br\/index.php?rest_route=\/wp\/v2\/posts"}],"about":[{"href":"https:\/\/fessp-esp.org.br\/index.php?rest_route=\/wp\/v2\/types\/post"}],"author":[{"embeddable":true,"href":"https:\/\/fessp-esp.org.br\/index.php?rest_route=\/wp\/v2\/users\/3"}],"replies":[{"embeddable":true,"href":"https:\/\/fessp-esp.org.br\/index.php?rest_route=%2Fwp%2Fv2%2Fcomments&post=10650"}],"version-history":[{"count":1,"href":"https:\/\/fessp-esp.org.br\/index.php?rest_route=\/wp\/v2\/posts\/10650\/revisions"}],"predecessor-version":[{"id":10654,"href":"https:\/\/fessp-esp.org.br\/index.php?rest_route=\/wp\/v2\/posts\/10650\/revisions\/10654"}],"wp:featuredmedia":[{"embeddable":true,"href":"https:\/\/fessp-esp.org.br\/index.php?rest_route=\/wp\/v2\/media\/10653"}],"wp:attachment":[{"href":"https:\/\/fessp-esp.org.br\/index.php?rest_route=%2Fwp%2Fv2%2Fmedia&parent=10650"}],"wp:term":[{"taxonomy":"category","embeddable":true,"href":"https:\/\/fessp-esp.org.br\/index.php?rest_route=%2Fwp%2Fv2%2Fcategories&post=10650"},{"taxonomy":"post_tag","embeddable":true,"href":"https:\/\/fessp-esp.org.br\/index.php?rest_route=%2Fwp%2Fv2%2Ftags&post=10650"}],"curies":[{"name":"wp","href":"https:\/\/api.w.org\/{rel}","templated":true}]}}