{"id":3713,"date":"2019-01-31T19:16:46","date_gmt":"2019-01-31T21:16:46","guid":{"rendered":"http:\/\/comuniquefacil.com.br\/1\/?p=3713"},"modified":"2019-01-31T19:16:46","modified_gmt":"2019-01-31T21:16:46","slug":"frente-parlamentar-em-defesa-da-previdencia-social","status":"publish","type":"post","link":"https:\/\/fessp-esp.org.br\/?p=3713","title":{"rendered":"Frente Parlamentar em Defesa da Previd\u00eancia Social"},"content":{"rendered":"<p>A Frente Parlamentar Mista em Defesa da Previd\u00eancia Social instalada em 31 de maio de 2016, sob a coordena\u00e7\u00e3o do senador Paulo Paim e do deputado Arnaldo Faria de S\u00e1 \u00e9 composta por parlamentares e por de mais de ? entidades representativas da sociedade civil, entre essas todas as Centrais Sindicais.<br \/>\nA Frente ser\u00e1 reinstalada nessa legislatura (56a.). Contamos com a participa\u00e7\u00e3o de todas as entidades parcerias para a continuidade do trabalho e seguirmos juntos atuando na defesa dos direitos previdenci\u00e1rios dos trabalhadores brasileiros.<br \/>\nSegue a agenda de reuni\u00f5es do m\u00eas de fevereiro de 2019.<\/p>\n<p>Atuar para defender direitos \u00e9 o nosso foco\u2757Junte-se a n\u00f3s\u203c<br \/>\nDivulgue!Compartilhe!<br \/>\n\u203cN\u00e3o \u00e0 Reforma da Previd\u00eancia \u2757<br \/>\nFace http:\/\/www.fb.com\/FrentePrevidencia<br \/>\nCurta e Compartilhe<br \/>\nTwitter http:\/\/www.twitter.com\/FrentePrev<br \/>\n_______<br \/>\n\u203c INSIGHT<br \/>\nAssessoria Parlamentar<br \/>\nWhatsApp (61) 99979-8806<\/p>\n","protected":false},"excerpt":{"rendered":"<p>A Frente Parlamentar Mista em Defesa da Previd\u00eancia Social instalada em 31 de maio de 2016, sob a coordena\u00e7\u00e3o do<\/p>\n","protected":false},"author":1,"featured_media":3714,"comment_status":"open","ping_status":"open","sticky":false,"template":"","format":"standard","meta":{"colormag_page_container_layout":"default_layout","colormag_page_sidebar_layout":"default_layout","footnotes":""},"categories":[1],"tags":[32,34],"class_list":["post-3713","post","type-post","status-publish","format-standard","has-post-thumbnail","hentry","category-sem-categoria","tag-reforma-da-previdencia","tag-reforma-da-previdenica"],"_links":{"self":[{"href":"https:\/\/fessp-esp.org.br\/index.php?rest_route=\/wp\/v2\/posts\/3713","targetHints":{"allow":["GET"]}}],"collection":[{"href":"https:\/\/fessp-esp.org.br\/index.php?rest_route=\/wp\/v2\/posts"}],"about":[{"href":"https:\/\/fessp-esp.org.br\/index.php?rest_route=\/wp\/v2\/types\/post"}],"author":[{"embeddable":true,"href":"https:\/\/fessp-esp.org.br\/index.php?rest_route=\/wp\/v2\/users\/1"}],"replies":[{"embeddable":true,"href":"https:\/\/fessp-esp.org.br\/index.php?rest_route=%2Fwp%2Fv2%2Fcomments&post=3713"}],"version-history":[{"count":1,"href":"https:\/\/fessp-esp.org.br\/index.php?rest_route=\/wp\/v2\/posts\/3713\/revisions"}],"predecessor-version":[{"id":3715,"href":"https:\/\/fessp-esp.org.br\/index.php?rest_route=\/wp\/v2\/posts\/3713\/revisions\/3715"}],"wp:featuredmedia":[{"embeddable":true,"href":"https:\/\/fessp-esp.org.br\/index.php?rest_route=\/wp\/v2\/media\/3714"}],"wp:attachment":[{"href":"https:\/\/fessp-esp.org.br\/index.php?rest_route=%2Fwp%2Fv2%2Fmedia&parent=3713"}],"wp:term":[{"taxonomy":"category","embeddable":true,"href":"https:\/\/fessp-esp.org.br\/index.php?rest_route=%2Fwp%2Fv2%2Fcategories&post=3713"},{"taxonomy":"post_tag","embeddable":true,"href":"https:\/\/fessp-esp.org.br\/index.php?rest_route=%2Fwp%2Fv2%2Ftags&post=3713"}],"curies":[{"name":"wp","href":"https:\/\/api.w.org\/{rel}","templated":true}]}}