{"id":6492,"date":"2019-09-03T16:06:21","date_gmt":"2019-09-03T19:06:21","guid":{"rendered":"http:\/\/comuniquefacil.com.br\/1\/?p=6492"},"modified":"2019-09-03T16:08:11","modified_gmt":"2019-09-03T19:08:11","slug":"6492","status":"publish","type":"post","link":"https:\/\/fessp-esp.org.br\/?p=6492","title":{"rendered":"SINDCOP coloca \u00f4nibus a disposi\u00e7\u00e3o de filiados para audi\u00eancia p\u00fablica do dia 17\/09"},"content":{"rendered":"<p><img decoding=\"async\" src=\"https:\/\/www.sindcop.org.br\/imagens\/blog\/1567101778.jpg\"><\/p>\n<p>O sindicato vai promover o transporte de agentes prisionais para participa\u00e7\u00e3o na Audi\u00eancia P\u00fablica para valoriza\u00e7\u00e3o do Servidor Penitenci\u00e1rio, que vai ocorrer no audit\u00f3rio Franco Montoro da Assembleia Legislativa de S\u00e3o Paulo (Alesp), a partir das 9h.<\/p>\n<p>At\u00e9 o momento j\u00e1 est\u00e1 fechado um \u00f4nibus de Presidente Venceslau (44 pessoas) e de Bauru (36 pessoas). Al\u00e9m desses, a regi\u00e3o oeste tem mais 7 interessados, que poder\u00e3o ir de van, caso se completem os lugares.<\/p>\n<p>Ribeir\u00e3o Preto, S\u00e3o Jos\u00e9 do Rio Preto e Campinas ainda n\u00e3o fecham uma van com o n\u00famero de agentes interessados.<\/p>\n<p>Quem quiser participar deve entrar em contato com o SINDCOP pelos telefones (14) 3226-3255 ou 99748-7006.<\/p>\n<p>Para filiados do SINDCOP a viagem e alimenta\u00e7\u00e3o ser\u00e3o gratuitos. N\u00e3o filiados dever\u00e3o pagar uma taxa simb\u00f3lica de R$ 50,00, que ir\u00e1 incluir transporte e alimenta\u00e7\u00e3o.<\/p>\n<p>Os locais de sa\u00edda dos \u00f4nibus ser\u00e3o definidos de acordo com a procura pela viagem e ser\u00e3o divulgados posteriormente no site e redes sociais do sindicato.<\/p>\n<p>Foi criado tamb\u00e9m um grupo de whatsapp para a viagem \u00e0 Alesp, com a inten\u00e7\u00e3o de agilizar a comunica\u00e7\u00e3o. Clique para entrar: link<a href=\"https:\/\/chat.whatsapp.com\/Ly3sSfRZ6mXF6AYB8DVOsV\">https:\/\/chat.whatsapp.com\/Ly3sSfRZ6mXF6AYB8DVOsV<\/a>&nbsp;.<\/p>\n<p>A a\u00e7\u00e3o \u00e9 o pr\u00f3ximo passo na mobiliza\u00e7\u00e3o em defesa do servidor penitenci\u00e1rio e a participa\u00e7\u00e3o do maior n\u00famero de agentes \u00e9 muito importante para engrossar a luta por reajuste salarial e valoriza\u00e7\u00e3o profissional.<\/p>\n<p>Para alcan\u00e7ar mais pessoas e fortalecermos o movimento, compartilhe essa mat\u00e9ria nas redes sociais e utilize a #ImpossivelsemAgente .<\/p>\n<p>&nbsp;<\/p>\n<p><img loading=\"lazy\" decoding=\"async\" class=\"img-responsive\" src=\"https:\/\/www.sindcop.org.br\/imagens\/blog\/interiores\/1567101831.jpg\" alt=\"\" width=\"699\" height=\"699\"><\/p>\n","protected":false},"excerpt":{"rendered":"<p>O sindicato vai promover o transporte de agentes prisionais para participa\u00e7\u00e3o na Audi\u00eancia P\u00fablica para valoriza\u00e7\u00e3o do Servidor Penitenci\u00e1rio, que<\/p>\n","protected":false},"author":1,"featured_media":6493,"comment_status":"open","ping_status":"open","sticky":false,"template":"","format":"standard","meta":{"colormag_page_container_layout":"default_layout","colormag_page_sidebar_layout":"default_layout","footnotes":""},"categories":[29],"tags":[],"class_list":["post-6492","post","type-post","status-publish","format-standard","has-post-thumbnail","hentry","category-nossos-filiados"],"_links":{"self":[{"href":"https:\/\/fessp-esp.org.br\/index.php?rest_route=\/wp\/v2\/posts\/6492","targetHints":{"allow":["GET"]}}],"collection":[{"href":"https:\/\/fessp-esp.org.br\/index.php?rest_route=\/wp\/v2\/posts"}],"about":[{"href":"https:\/\/fessp-esp.org.br\/index.php?rest_route=\/wp\/v2\/types\/post"}],"author":[{"embeddable":true,"href":"https:\/\/fessp-esp.org.br\/index.php?rest_route=\/wp\/v2\/users\/1"}],"replies":[{"embeddable":true,"href":"https:\/\/fessp-esp.org.br\/index.php?rest_route=%2Fwp%2Fv2%2Fcomments&post=6492"}],"version-history":[{"count":2,"href":"https:\/\/fessp-esp.org.br\/index.php?rest_route=\/wp\/v2\/posts\/6492\/revisions"}],"predecessor-version":[{"id":6495,"href":"https:\/\/fessp-esp.org.br\/index.php?rest_route=\/wp\/v2\/posts\/6492\/revisions\/6495"}],"wp:featuredmedia":[{"embeddable":true,"href":"https:\/\/fessp-esp.org.br\/index.php?rest_route=\/wp\/v2\/media\/6493"}],"wp:attachment":[{"href":"https:\/\/fessp-esp.org.br\/index.php?rest_route=%2Fwp%2Fv2%2Fmedia&parent=6492"}],"wp:term":[{"taxonomy":"category","embeddable":true,"href":"https:\/\/fessp-esp.org.br\/index.php?rest_route=%2Fwp%2Fv2%2Fcategories&post=6492"},{"taxonomy":"post_tag","embeddable":true,"href":"https:\/\/fessp-esp.org.br\/index.php?rest_route=%2Fwp%2Fv2%2Ftags&post=6492"}],"curies":[{"name":"wp","href":"https:\/\/api.w.org\/{rel}","templated":true}]}}