{"id":6722,"date":"2019-09-20T10:27:54","date_gmt":"2019-09-20T13:27:54","guid":{"rendered":"http:\/\/comuniquefacil.com.br\/1\/?p=6722"},"modified":"2019-09-20T10:29:04","modified_gmt":"2019-09-20T13:29:04","slug":"cspb-colabora-com-os-debates-e-apresenta-alternativas-aos-temas-viii-forum-brics-sindical","status":"publish","type":"post","link":"https:\/\/fessp-esp.org.br\/?p=6722","title":{"rendered":"CSPB colabora com os debates e apresenta alternativas aos temas VIII F\u00f3rum BRICS Sindical"},"content":{"rendered":"<p><img loading=\"lazy\" decoding=\"async\" src=\"https:\/\/cspb.org.br\/UserFiles\/Image\/foto-capa(15).JPG\" alt=\"\" width=\"600\" height=\"380\"><\/p>\n<p>Nesta quarta-feira 18\/09, lideran\u00e7as sindicais da Confedera\u00e7\u00e3o dos Servidores P\u00fablicos do Brasil &#8211;&nbsp;<strong>CSPB<\/strong>, ap\u00f3s debates que giraram em torno da conjuntura nos pa\u00edses BRICS, pol\u00edticas p\u00fablicas, di\u00e1logo social e perspectiva global, apresentaram pontos que consideram estrat\u00e9gicos para a retomada do crescimento econ\u00f4mico e recupera\u00e7\u00e3o de ambiente favor\u00e1vel para o aumento da oferta de empregos no mercado de trabalho brasileiro e dos demais pa\u00edses integrantes do BRICS. Com destacada participa\u00e7\u00e3o (<a href=\"https:\/\/www.cspb.org.br\/fullnews.php?id=22747_18-09-2019_dirigentes-da-cspb-participam-de-encontro-internacional-do-brics-sobre-o-futuro-do-trabalho#destaque_maior\" target=\"_blank\" rel=\"noopener\"><u><strong>saiba mais<\/strong><\/u><\/a>), representantes da CSPB colaboraram com propostas e diretrizes para a elabora\u00e7\u00e3o documento de consenso entre as entidades sindicais apontando alternativas aos desafios da classe trabalhadora frente \u00e0s mudan\u00e7as resultantes do avan\u00e7o tecnol\u00f3gico, da concentra\u00e7\u00e3o de renda e do desmonte das atribui\u00e7\u00f5es sociais e de presta\u00e7\u00e3o de servi\u00e7os do Estado.<br \/>\n&nbsp;<\/p>\n<p><strong>Veja a avalia\u00e7\u00e3o do presidente da CSPB, Jo\u00e3o Domingos Gomes dos Santos:<\/strong><\/p>\n<p>&nbsp;<\/p>\n<p><iframe loading=\"lazy\" src=\"https:\/\/www.youtube.com\/embed\/rfx80SHareU\" width=\"600\" height=\"320\" frameborder=\"0\" allowfullscreen=\"allowfullscreen\"><\/iframe><\/p>\n<p>&nbsp;<br \/>\nAs delega\u00e7\u00f5es dos pa\u00edses R\u00fassia, \u00cdndia, China e \u00c1frica do Sul intensificaram suas participa\u00e7\u00f5es nos debates desta quarta-feira (18\/09). Os l\u00edderes sindicais estrangeiros compartilharam conhecimentos e informa\u00e7\u00f5es sobre as organiza\u00e7\u00f5es sindicais de seus pa\u00edses e os desafios da classe trabalhadora frente os avan\u00e7os tecnol\u00f3gicos, os impactos econ\u00f4micos resultantes do aquecimento global, os acordos comerciais e econ\u00f4micos liberalizastes, fatores que, somados, imp\u00f5e uma agenda de precariza\u00e7\u00e3o das rela\u00e7\u00f5es trabalhistas, jogando massas expressivas de trabalhadores em atividades informais e desprotegidas socialmente, circunst\u00e2ncias que ocorrem, simultaneamente, \u00e0 expans\u00e3o desemprego entre as na\u00e7\u00f5es em desenvolvimento, entre estas, as integrantes do BRICS.<\/p>\n<p><strong>Veja a avalia\u00e7\u00e3o do diretor de Assuntos do Minist\u00e9rio P\u00fablico da CSPB e coordenador da bancada da NCST no BRICS Sindical, Eduardo Maia:<\/strong><br \/>\n&nbsp;<\/p>\n<p><iframe loading=\"lazy\" src=\"https:\/\/www.youtube.com\/embed\/ahF_HcFD9Fs\" width=\"600\" height=\"320\" frameborder=\"0\" allowfullscreen=\"allowfullscreen\"><\/iframe><\/p>\n<p>As guerras comerciais entre as maiores economias mundiais, tamb\u00e9m foram abordadas com preocupa\u00e7\u00e3o pelos painelistas estrangeiros. As contradi\u00e7\u00f5es e problemas resultantes das disputas de car\u00e1ter comercial, alertaram, devem ser observadas com aten\u00e7\u00e3o pelas organiza\u00e7\u00f5es sindicais. \u00c9 a partir de decis\u00f5es econ\u00f4micas que as pol\u00edticas p\u00fablicas s\u00e3o descontinuadas ou preservadas; bem como \u201creformas estruturantes\u201d, via de regra, renegam quest\u00f5es sociais quando estas competem com a preserva\u00e7\u00e3o das vantagens relativas aos integrantes da elite econ\u00f4mica mundial, com destaque para operadores mercado financeiro, avaliaram.<\/p>\n<p>&nbsp;<br \/>\n<strong>Veja a avalia\u00e7\u00e3o do diretor de Rela\u00e7\u00f5es Internacionais da CSPB, S\u00e9rgio Augusto Jury Arnoud:<\/strong><\/p>\n<p>&nbsp;<\/p>\n<p><iframe loading=\"lazy\" src=\"https:\/\/www.youtube.com\/embed\/eIVWa9GSU9E\" width=\"600\" height=\"320\" frameborder=\"0\" allowfullscreen=\"allowfullscreen\"><\/iframe><br \/>\n&nbsp;<br \/>\n&nbsp;<\/p>\n<p>Nas discuss\u00f5es, as lideran\u00e7as sindicais brasileiras e estrangeiras chegaram ao consenso de fortalecer o bloco econ\u00f4mico dos BRICS. Os painelistas argumentaram que \u00e9 preciso expandir op\u00e7\u00f5es para rotas econ\u00f4micas alternativas, que possam apresentar contrapontos aos que tentam consolidar hegemonia nas rela\u00e7\u00f5es econ\u00f4micas internacionais.<\/p>\n<p><img loading=\"lazy\" decoding=\"async\" src=\"https:\/\/cspb.org.br\/UserFiles\/Image\/foto-mesa.JPG\" alt=\"\" width=\"600\" height=\"450\"><\/p>\n<p>Os sindicalistas refor\u00e7aram a necessidade de fortalecer estruturas econ\u00f4micas, como o&nbsp;Banco dos BRICS, de maneira a financiar vantagens financeiras m\u00fatuas aos pa\u00edses associados. Estes recursos, avaliam, podem ser utilizados para financiar o cumprimento de conven\u00e7\u00f5es da OIT, que preservam prote\u00e7\u00e3o legislativa e social aos trabalhadores e que, indiretamente, colabora para a harmonia social e econ\u00f4mica dos pa\u00edses integrantes do bloco.<br \/>\n&nbsp;<\/p>\n<p><strong>Veja a avalia\u00e7\u00e3o do diretor adjunto de Rela\u00e7\u00f5es Internacionais da CSPB, Wagner Jos\u00e9 de Souza:<\/strong><br \/>\n&nbsp;<\/p>\n<p><iframe loading=\"lazy\" src=\"https:\/\/www.youtube.com\/embed\/Cc4MH0xKljc\" width=\"600\" height=\"320\" frameborder=\"0\" allowfullscreen=\"allowfullscreen\"><\/iframe><\/p>\n<p>Os participantes, na oportunidade, tamb\u00e9m apresentaram a necessidade de fortalecer as estruturas tripartires de negocia\u00e7\u00e3o, e que estas sejam consultadas pelos governantes antes de tomada de decis\u00f5es que tenham impactos econ\u00f4micos, trabalhistas e sociais. A inten\u00e7\u00e3o das representa\u00e7\u00f5es sindicais do BRICS, refor\u00e7aram, \u00e9 colaborar com alternativas economicamente vi\u00e1veis, com foco no desenvolvimento econ\u00f4mico com progresso social.<\/p>\n<p><img loading=\"lazy\" decoding=\"async\" src=\"https:\/\/cspb.org.br\/UserFiles\/Image\/foto-participantes.jpg\" alt=\"\" width=\"600\" height=\"307\"><\/p>\n<p>&nbsp;<br \/>\nAo final da tarde, participantes do VIII F\u00f3rum do BRICS Sindical reuniram-se com o vice-presidente da C\u00e2mara dos Deputados, Marcos Pereira (PRB-SP), para apresentar propostas encaminhamentos ao parlamento brasileiro.<\/p>\n<p><img loading=\"lazy\" decoding=\"async\" src=\"https:\/\/cspb.org.br\/UserFiles\/Image\/foto-camara.jpeg\" alt=\"\" width=\"600\" height=\"449\"><\/p>\n<p>&nbsp;<\/p>\n<p>As discuss\u00f5es do F\u00f3rum BRICS Sindical objetivaram subsidiar os coordenadores das representa\u00e7\u00f5es sindicais participantes do evento para interven\u00e7\u00f5es junto aos Ministros do Trabalho dos pa\u00edses integrantes do BRICS, que ir\u00e1 ocorrer entre os dias&nbsp;<strong>19 e 20 de setembro<\/strong>. O objetivo \u00e9 apresentar alternativas aos desafios do mundo do trabalho, com foco no aumento da oferta de empregos dignos e socialmente protegidos.<\/p>\n<p><em><strong>Imprensa NCST<\/strong>&nbsp;com adapta\u00e7\u00f5es da&nbsp;<strong>Secom\/CSPB<\/strong><\/em><\/p>\n","protected":false},"excerpt":{"rendered":"<p>Nesta quarta-feira 18\/09, lideran\u00e7as sindicais da Confedera\u00e7\u00e3o dos Servidores P\u00fablicos do Brasil &#8211;&nbsp;CSPB, ap\u00f3s debates que giraram em torno da<\/p>\n","protected":false},"author":1,"featured_media":6723,"comment_status":"open","ping_status":"open","sticky":false,"template":"","format":"standard","meta":{"colormag_page_container_layout":"default_layout","colormag_page_sidebar_layout":"default_layout","footnotes":""},"categories":[1],"tags":[],"class_list":["post-6722","post","type-post","status-publish","format-standard","has-post-thumbnail","hentry","category-sem-categoria"],"_links":{"self":[{"href":"https:\/\/fessp-esp.org.br\/index.php?rest_route=\/wp\/v2\/posts\/6722","targetHints":{"allow":["GET"]}}],"collection":[{"href":"https:\/\/fessp-esp.org.br\/index.php?rest_route=\/wp\/v2\/posts"}],"about":[{"href":"https:\/\/fessp-esp.org.br\/index.php?rest_route=\/wp\/v2\/types\/post"}],"author":[{"embeddable":true,"href":"https:\/\/fessp-esp.org.br\/index.php?rest_route=\/wp\/v2\/users\/1"}],"replies":[{"embeddable":true,"href":"https:\/\/fessp-esp.org.br\/index.php?rest_route=%2Fwp%2Fv2%2Fcomments&post=6722"}],"version-history":[{"count":1,"href":"https:\/\/fessp-esp.org.br\/index.php?rest_route=\/wp\/v2\/posts\/6722\/revisions"}],"predecessor-version":[{"id":6724,"href":"https:\/\/fessp-esp.org.br\/index.php?rest_route=\/wp\/v2\/posts\/6722\/revisions\/6724"}],"wp:featuredmedia":[{"embeddable":true,"href":"https:\/\/fessp-esp.org.br\/index.php?rest_route=\/wp\/v2\/media\/6723"}],"wp:attachment":[{"href":"https:\/\/fessp-esp.org.br\/index.php?rest_route=%2Fwp%2Fv2%2Fmedia&parent=6722"}],"wp:term":[{"taxonomy":"category","embeddable":true,"href":"https:\/\/fessp-esp.org.br\/index.php?rest_route=%2Fwp%2Fv2%2Fcategories&post=6722"},{"taxonomy":"post_tag","embeddable":true,"href":"https:\/\/fessp-esp.org.br\/index.php?rest_route=%2Fwp%2Fv2%2Ftags&post=6722"}],"curies":[{"name":"wp","href":"https:\/\/api.w.org\/{rel}","templated":true}]}}