{"id":7073,"date":"2019-11-15T10:28:18","date_gmt":"2019-11-15T13:28:18","guid":{"rendered":"http:\/\/comuniquefacil.com.br\/1\/?p=7073"},"modified":"2019-11-15T10:28:18","modified_gmt":"2019-11-15T13:28:18","slug":"propostas-prejudicam-servidores","status":"publish","type":"post","link":"https:\/\/fessp-esp.org.br\/?p=7073","title":{"rendered":"Propostas prejudicam servidores"},"content":{"rendered":"<h5>Ponto a ponto: Entenda o pacote de Bolsonaro que coloca o Estado a servi\u00e7o do mercado<\/h5>\n<p id=\"article_date\">&nbsp;<\/p>\n<div class=\"article-fullnews-figure\">\n<em>Propostas desmontam fundos p\u00fablicos, carreira de servidores e alinham regras de contas p\u00fablicas a interesses rentistas<\/em><\/p>\n<p><img loading=\"lazy\" decoding=\"async\" src=\"https:\/\/cspb.org.br\/UserFiles\/Image\/bolsonaro-estado-minimo.jpg\" alt=\"\" width=\"600\" height=\"398\"><br \/>\n<em><strong>PECs que est\u00e3o no pacote de medidas proposto por Bolsonaro foram apresentadas na ter\u00e7a-feira (5) ao Congresso \/ Roque de S\u00e1\/Ag\u00eancia Senado<\/strong><\/em><\/p>\n<p><em>por&nbsp;Erick Gimenes<br \/>\nedi\u00e7\u00e3o de Rodrigo Chagas<\/em><\/p>\n<p>O pacote de medidas econ\u00f4micas apresentado pelo governo de Jair Bolsonaro (PSL) ao Congresso \u00e9 uma tentativa de desmonte do Estado em prol de interesses privados, afirmam deputados da oposi\u00e7\u00e3o e economistas ouvidos pelo&nbsp;Brasil de Fato.<\/p>\n<p>Na ter\u00e7a-feira (5), foram feitas&nbsp;<a href=\"https:\/\/www.brasildefato.com.br\/2019\/11\/05\/novo-pacote-de-guedes-e-bolsonaro-propoe-corte-de-25-em-salario-de-servidores\/\" target=\"_blank\" rel=\"noopener\"><u><strong>tr\u00eas Propostas de Emenda Constitucional (PECs)<\/strong><\/u><\/a>, englobadas no que a equipe do ministro da Economia, Paulo Guedes, chama de \u201cPlano Mais Brasil\u201d: PEC do Pacto Federativo, PEC Emergencial e PEC dos Fundos P\u00fablicos.<\/p>\n<p>As propostas mexem fundamentalmente em fundos p\u00fablicos, na carreira de servidores e em regras de contas p\u00fablicas que envolvem, por exemplo, repasses \u00e0s pastas de sa\u00fade e educa\u00e7\u00e3o de estados e munic\u00edpios.<\/p>\n<p>Para a oposi\u00e7\u00e3o, o pacote n\u00e3o promoveria melhorias econ\u00f4micas efetivas, mas sim abriria caminho para privatiza\u00e7\u00f5es, preju\u00edzos ao funcionalismo p\u00fablico e estrangulamento de pol\u00edticas sociais.<\/p>\n<p><strong>Estado X&nbsp;mercado: &#8220;O governo dos agiotas&#8221;<\/strong><\/p>\n<p>A deputada Jandira Feghali (PCdoB-RJ) classificou o pacote proposto como \u201cPEC da Agiotagem\u201d. Segundo ela, todas as medidas propostas t\u00eam o objetivo \u00fanico de pagar juros de d\u00edvidas p\u00fablicas a rentistas e atender a interesses de bancos.<\/p>\n<p>\u201cTodo super\u00e1vit, em vez de ir para sa\u00fade e educa\u00e7\u00e3o, vai para pagar d\u00edvida, pagar juros. Est\u00e1 escrito nas PECs. Os fundos p\u00fablicos que eles extinguem \u2013 Fundo Nacional de Sa\u00fade, Fundo de Ci\u00eancia e Tecnologia \u2013, fundos criados para pol\u00edticas p\u00fablicas\u2026 sabe para onde vai o dinheiro desses fundos.&nbsp;O que significam super\u00e1vits? Para pagar d\u00edvida p\u00fablica. Para banco, para juros. Essas PECs s\u00e3o para isso. Este \u00e9 o governo dos agiotas\u201d.<\/p>\n<p>O pesquisador da Universidade de Bras\u00edlia (<strong>UnB<\/strong>) e economista David Daccache concorda com a deputada. Para ele, as propostas visam destruir o Estado para abrir espa\u00e7o a interesses privados.<\/p>\n<p>\u201c\u00c9 um projeto estrutural de redu\u00e7\u00e3o do Estado para que se abra esferas de acumula\u00e7\u00e3o de capital. Quando voc\u00ea sucateia servi\u00e7os p\u00fablicos, abre espa\u00e7o para que a iniciativa privada ocupe esse espa\u00e7o de precariza\u00e7\u00e3o que est\u00e1 em curso. \u00c9 a destrui\u00e7\u00e3o do que \u00e9 p\u00fablico em prol do privado\u201d, argumenta.<\/p>\n<p>O deputado Ivan Valente (PSOL-SP) compara as propostas \u00e0s medidas econ\u00f4micas tomadas pelo presidente do Chile, Sebasti\u00e1n Pi\u00f1era, que geraram uma onda de&nbsp;<a href=\"https:\/\/www.brasildefato.com.br\/2019\/10\/31\/e-o-comeco-do-fim-de-um-sistema-ultra-mercantilizado-diz-pesquisador-sobre-o-chile\/\" target=\"_blank\" rel=\"noopener\"><u><strong>protesto popular<\/strong><\/u><\/a>&nbsp;no pa\u00eds.<\/p>\n<p>\u201cEles dobraram a aposta no modelo chileno. Paulo Guedes \u00e9 um Chicago Boy Chileno. \u00c9 arrocho salarial, s\u00e3o privatiza\u00e7\u00f5es, \u00e9 o mercado mandando a destrui\u00e7\u00e3o e o desmonte do Estado brasileiro. Eles sabiam que n\u00e3o conseguem manter o teto de gastos e nem a regra de ouro. Ent\u00e3o, resolveram espremer o servidor p\u00fablico e o gasto p\u00fablico com educa\u00e7\u00e3o e sa\u00fade, com todas as quest\u00f5es sociais\u201d, diz.<\/p>\n<p><strong>Ataques a trabalhadores<\/strong><\/p>\n<p>Para contingenciar os gastos p\u00fablicos, o Plano Mais Brasil tamb\u00e9m prev\u00ea a redu\u00e7\u00e3o de sal\u00e1rios e jornada de servidores p\u00fablicos em 25% e o congelamento do sal\u00e1rio m\u00ednimo at\u00e9 2021. O mecanismo para tal seria&nbsp;acionado quando o Congresso autorizar o desenquadramento da \u201cregra de ouro\u201d, no caso da Uni\u00e3o, ou quando a despesa corrente l\u00edquida de estados ou munic\u00edpios ultrapassar 95% da receita corrente.<\/p>\n<p>Para o l\u00edder da oposi\u00e7\u00e3o na C\u00e2mara, Alessandro Molon (PSB-RJ), a a\u00e7\u00e3o do governo de mexer nas contas dos mais pobres parte da falta coragem de rever benef\u00edcios dos \u201csuper-ricos\u201d.<\/p>\n<p>\u201cO governo quer congelar o sal\u00e1rio dos trabalhadores que menos ganham no pa\u00eds, o sal\u00e1rio m\u00ednimo, mas n\u00e3o tem coragem de mandar a essa Casa uma proposta sequer que mexa com os privil\u00e9gios dos super-ricos, que, no Brasil, s\u00e3o os que menos pagam impostos\u201d, argumenta.<\/p>\n<p>Gilberto Bercovici, professor de Direito Econ\u00f4mico e Economia Pol\u00edtica da Universidade de S\u00e3o Paulo (<strong>USP<\/strong>), diz que as medidas s\u00f3 atacam servidores na tentativa de deslegitim\u00e1-los, preservando direitos de \u201cpoderosos\u201d.<\/p>\n<p>\u201cEle [Bolsonaro] est\u00e1 querendo destruir os servidores, a capacidade produtiva, com um caos econ\u00f4mico. Est\u00e1 fazendo como aquelas empresas que voc\u00ea destr\u00f3i para garantir dividendo. Ele est\u00e1 destruindo o Estado para garantir o pagamento da d\u00edvida\u201d, opina o professor.<\/p>\n<p>Para ele, o pacote ataca direitos de trabalhadores para dar mais a servidores com poder. \u201cEle [Bolsonaro] s\u00f3 ataca quem ganha pouco, a massa. Eles n\u00e3o v\u00e3o para cima de quem tem poder. A gente vai virar uma col\u00f4nia de escravos de ju\u00edzes, procuradores e militares de alta patente\u201d, critica.<\/p>\n<p><strong>Sa\u00fade X educa\u00e7\u00e3o<\/strong><\/p>\n<p>A PEC do Pacto Federativo, a principal das tr\u00eas, prev\u00ea, entre outras medidas, a unifica\u00e7\u00e3o dos gastos m\u00ednimos obrigat\u00f3rios para sa\u00fade e educa\u00e7\u00e3o. Na pr\u00e1tica, as duas \u00e1reas concorreriam pelo mesmo fundo, com a possibilidade de retirada de uma para compensa\u00e7\u00e3o da outra.<\/p>\n<p>Alessandro Molon diz que a proposta \u00e9 inaceit\u00e1vel. \u201cAo propor juntar os m\u00ednimos constitucionais, o governo quer colocar a sa\u00fade contra a educa\u00e7\u00e3o, e educa\u00e7\u00e3o contra a sa\u00fade. O governo, com esse pacote, est\u00e1 dizendo para o povo brasileiro: \u2018Voc\u00eas escolhem: ou voc\u00eas t\u00eam sa\u00fade ou voc\u00eas t\u00eam educa\u00e7\u00e3o\u2019. N\u00e3o queremos que o povo brasileiro seja obrigado a escolher se vai ter seus filhos educados ou se vai poder ter acesso a rem\u00e9dios e a hospital p\u00fablico\u201d.<\/p>\n<p>Para o pesquisador David Daccache, a unifica\u00e7\u00e3o dos gastos m\u00ednimos \u00e9 uma tentativa de sucateamento da sa\u00fade e educa\u00e7\u00e3o para favorecer entidades privadas da \u00e1rea.<\/p>\n<p>\u201cA consequ\u00eancia dessa medida \u00e9 o aumento da desigualdade na oferta de servi\u00e7os p\u00fablicos. Sa\u00fade e educa\u00e7\u00e3o ser\u00e3o precarizados \u00e0 popula\u00e7\u00e3o mais pobre para atender a interesses de institui\u00e7\u00f5es privadas, como hospitais e universidades particulares\u201d, destaca.<\/p>\n<p><strong>Extin\u00e7\u00e3o de munic\u00edpios<\/strong><\/p>\n<p>Tamb\u00e9m na PEC do Pacto Federativo est\u00e1 prevista a extin\u00e7\u00e3o de munic\u00edpios com menos de 5 mil habitantes \u2013 ao todo, s\u00e3o 1254 no pa\u00eds, conforme a oposi\u00e7\u00e3o- -, com consequ\u00eancia incorpora\u00e7\u00e3o a munic\u00edpios pr\u00f3ximos.<\/p>\n<p>O professor Gilberto Bercovici diz acreditar que a proposta para extin\u00e7\u00e3o de munic\u00edpios com menos de 5 mil habitantes \u00e9 apenas uma tentativa do governo Bolsonaro de tirar a aten\u00e7\u00e3o dos congressistas para os pontos mais importantes do pacote.<\/p>\n<p>\u201cJogaram um bode na sala. Todos sabem que isso [a extin\u00e7\u00e3o dos munic\u00edpios] jamais vai passar no Congresso, at\u00e9 porque os deputados precisam muito dos votos dessas pessoas. A ideia \u00e9 jogar algo que gera conversa, mais radical, para tirar a aten\u00e7\u00e3o dos pontos que realmente devem ser discutidos\u201d, explica.<\/p>\n<p>O deputado Paulo Pimenta (PT-RS) afirma que a proposta \u00e9 um \u201cestelionato eleitoral\u201d. \u201cO governo tem a obriga\u00e7\u00e3o de informar seus objetivos antes da elei\u00e7\u00e3o. O Bolsonaro jamais tratou desses temas com a popula\u00e7\u00e3o. Pela proposta, o nosso estado, o Rio Grande do Sul, ter\u00e1 metade das cidades extintas. Isso jamais foi debatido, jamais foi aventado. Portanto, \u00e9 um estelionato\u201d, sugeriu.<\/p>\n<p><strong>Reforma tribut\u00e1ria<\/strong><\/p>\n<p>A oposi\u00e7\u00e3o sugere, como solu\u00e7\u00e3o econ\u00f4mica e alternativa \u00e0 s\u00e9rie de medidas propostas, a vota\u00e7\u00e3o de uma&nbsp;<a href=\"https:\/\/www.brasildefato.com.br\/2019\/10\/08\/oposicao-apresenta-proposta-de-reforma-tributaria-em-que-ricos-pagariam-mais-impostos\/\" target=\"_blank\" rel=\"noopener\"><u><strong>reforma tribut\u00e1ria progressiva<\/strong><\/u><\/a>.<\/p>\n<p>A deputada Jandira Feghali diz que a \u00fanica forma de recuperar a economia do pa\u00eds \u00e9 taxas grandes fortunas e dar possibilidade de trabalho aos pobres.<\/p>\n<p>\u201cO que temos que discutir \u00e9 a reforma tribut\u00e1ria. N\u00f3s temos proposta, queremos debater a reforma tribut\u00e1ria como instrumento de supera\u00e7\u00e3o da desigualdade do Brasil. Essa \u00e9 a marca do pa\u00eds, al\u00e9m do racismo estrutural. N\u00f3s queremos que a pauta seja a reforma tribut\u00e1ria e a gera\u00e7\u00e3o de emprego e renda\u201d, sugere a deputada.<\/p>\n<p>Alessandro Molon tamb\u00e9m faz coro \u00e0 prioridade para a reforma tribut\u00e1ria. \u201cN\u00f3s vamos lutar para que seja votada a reforma tribut\u00e1ria, em especial a proposta unificada nossa, da oposi\u00e7\u00e3o. O que o governo est\u00e1 propondo no Senado \u00e9 agravar a desigualdade. Precisamos reverter isso\u201d.<\/p>\n<p><em>Fonte:&nbsp;<strong>Brasil de Fato<\/strong><\/em><\/p>\n<p>&nbsp;<\/p><\/div>\n","protected":false},"excerpt":{"rendered":"<p>Ponto a ponto: Entenda o pacote de Bolsonaro que coloca o Estado a servi\u00e7o do mercado &nbsp; Propostas desmontam fundos<\/p>\n","protected":false},"author":1,"featured_media":7074,"comment_status":"open","ping_status":"open","sticky":false,"template":"","format":"standard","meta":{"colormag_page_container_layout":"default_layout","colormag_page_sidebar_layout":"default_layout","footnotes":""},"categories":[1],"tags":[],"class_list":["post-7073","post","type-post","status-publish","format-standard","has-post-thumbnail","hentry","category-sem-categoria"],"_links":{"self":[{"href":"https:\/\/fessp-esp.org.br\/index.php?rest_route=\/wp\/v2\/posts\/7073","targetHints":{"allow":["GET"]}}],"collection":[{"href":"https:\/\/fessp-esp.org.br\/index.php?rest_route=\/wp\/v2\/posts"}],"about":[{"href":"https:\/\/fessp-esp.org.br\/index.php?rest_route=\/wp\/v2\/types\/post"}],"author":[{"embeddable":true,"href":"https:\/\/fessp-esp.org.br\/index.php?rest_route=\/wp\/v2\/users\/1"}],"replies":[{"embeddable":true,"href":"https:\/\/fessp-esp.org.br\/index.php?rest_route=%2Fwp%2Fv2%2Fcomments&post=7073"}],"version-history":[{"count":1,"href":"https:\/\/fessp-esp.org.br\/index.php?rest_route=\/wp\/v2\/posts\/7073\/revisions"}],"predecessor-version":[{"id":7075,"href":"https:\/\/fessp-esp.org.br\/index.php?rest_route=\/wp\/v2\/posts\/7073\/revisions\/7075"}],"wp:featuredmedia":[{"embeddable":true,"href":"https:\/\/fessp-esp.org.br\/index.php?rest_route=\/wp\/v2\/media\/7074"}],"wp:attachment":[{"href":"https:\/\/fessp-esp.org.br\/index.php?rest_route=%2Fwp%2Fv2%2Fmedia&parent=7073"}],"wp:term":[{"taxonomy":"category","embeddable":true,"href":"https:\/\/fessp-esp.org.br\/index.php?rest_route=%2Fwp%2Fv2%2Fcategories&post=7073"},{"taxonomy":"post_tag","embeddable":true,"href":"https:\/\/fessp-esp.org.br\/index.php?rest_route=%2Fwp%2Fv2%2Ftags&post=7073"}],"curies":[{"name":"wp","href":"https:\/\/api.w.org\/{rel}","templated":true}]}}