{"id":7076,"date":"2019-11-15T10:34:45","date_gmt":"2019-11-15T13:34:45","guid":{"rendered":"http:\/\/comuniquefacil.com.br\/1\/?p=7076"},"modified":"2019-11-15T11:10:42","modified_gmt":"2019-11-15T14:10:42","slug":"nora-de-repudio-contra-joao-doria","status":"publish","type":"post","link":"https:\/\/fessp-esp.org.br\/?p=7076","title":{"rendered":"NOTA DE REP\u00daDIO CONTRA JO\u00c3O DORIA"},"content":{"rendered":"<p>NOTA DE REP\u00daDIO AO GOVERNADOR JO\u00c3O DORIA<\/p>\n<p>A Frente Paulista em Defesa do Servi\u00e7o P\u00fablico, reunida no audit\u00f3rio Teot\u00f4nio Vilela, na Assembleia Legislativa do Estado de S\u00e3o Paulo, em 11 de novembro, foram informados de que na manh\u00e3 do mesmo dia foi inaugurada a CASA DA MULHER BRASILEIRA com a presen\u00e7a de v\u00e1rias autoridades, entre eles o Governador Jo\u00e3o Doria e a Ministra da Mulher, da Fam\u00edlia e dos Direitos Humanos Damares Alves.<\/p>\n<p>No entanto, ao chegar, as mulheres se depararam com cord\u00e3o de isolamento composto por Policiais Militares em todo quarteir\u00e3o e somente homens eram permitidos de entrar. As Mulheres dos Movimentos Sociais, Conselheiras do Conselho Estadual Feminino, Mulheres da Defensoria P\u00fablica, Movimento Popular, Dirigentes Sindicais, Mulheres com Crian\u00e7as no colo, Idosas da Sociedade Civil e Professoras foram impedidas de participar, mesmo com convite em m\u00e3os, por ordem direta do Governador e da Ministra, apesar da grande maioria ter participado tr\u00eas anos atr\u00e1s do lan\u00e7amento da pedra fundamental.<\/p>\n<p>As Entidades presentes no Lan\u00e7amento da Frente REPUDIAM a discrimina\u00e7\u00e3o, fruto de um autoritarismo descabido, exatamente com o grupo que, oficialmente, age e trabalha em prote\u00e7\u00e3o \u00e0 mulher brasileira.<\/p>\n<p>Assinam esta<br \/>\nNota<br \/>\nCentrais: P\u00fablica e NCST<br \/>\nConfedera\u00e7\u00f5es: CNSP e CSPB<br \/>\nFedera\u00e7\u00f5es: Fenajud, Fenasj, Fenale, Fenastc, Fespesp e Fessp-esp<br \/>\nDemais organiza\u00e7\u00f5es: AASPTJ-SP, Aecoesp, Afalesp, Affi, Affocos, Afpesp, Afresp, Agroesp, Ajesp, ANSJ, Aojesp, Apatej, APQC, ASJCOESP, Aspal, Assetj, Assisjesp, Assojubs, Assojuris, Capesp, CCM Iamspe, Epaesp, IESS, Sinafresp, Sindalesp, Sindap, Sindilex, Sindireceita SP, Sindjesp, Sinjuris, Sintrajud, Sispesp e Sisiesp.<\/p>\n","protected":false},"excerpt":{"rendered":"<p>NOTA DE REP\u00daDIO AO GOVERNADOR JO\u00c3O DORIA A Frente Paulista em Defesa do Servi\u00e7o P\u00fablico, reunida no audit\u00f3rio Teot\u00f4nio Vilela,<\/p>\n","protected":false},"author":1,"featured_media":7080,"comment_status":"open","ping_status":"open","sticky":false,"template":"","format":"standard","meta":{"colormag_page_container_layout":"default_layout","colormag_page_sidebar_layout":"default_layout","footnotes":""},"categories":[1],"tags":[],"class_list":["post-7076","post","type-post","status-publish","format-standard","has-post-thumbnail","hentry","category-sem-categoria"],"_links":{"self":[{"href":"https:\/\/fessp-esp.org.br\/index.php?rest_route=\/wp\/v2\/posts\/7076","targetHints":{"allow":["GET"]}}],"collection":[{"href":"https:\/\/fessp-esp.org.br\/index.php?rest_route=\/wp\/v2\/posts"}],"about":[{"href":"https:\/\/fessp-esp.org.br\/index.php?rest_route=\/wp\/v2\/types\/post"}],"author":[{"embeddable":true,"href":"https:\/\/fessp-esp.org.br\/index.php?rest_route=\/wp\/v2\/users\/1"}],"replies":[{"embeddable":true,"href":"https:\/\/fessp-esp.org.br\/index.php?rest_route=%2Fwp%2Fv2%2Fcomments&post=7076"}],"version-history":[{"count":2,"href":"https:\/\/fessp-esp.org.br\/index.php?rest_route=\/wp\/v2\/posts\/7076\/revisions"}],"predecessor-version":[{"id":7082,"href":"https:\/\/fessp-esp.org.br\/index.php?rest_route=\/wp\/v2\/posts\/7076\/revisions\/7082"}],"wp:featuredmedia":[{"embeddable":true,"href":"https:\/\/fessp-esp.org.br\/index.php?rest_route=\/wp\/v2\/media\/7080"}],"wp:attachment":[{"href":"https:\/\/fessp-esp.org.br\/index.php?rest_route=%2Fwp%2Fv2%2Fmedia&parent=7076"}],"wp:term":[{"taxonomy":"category","embeddable":true,"href":"https:\/\/fessp-esp.org.br\/index.php?rest_route=%2Fwp%2Fv2%2Fcategories&post=7076"},{"taxonomy":"post_tag","embeddable":true,"href":"https:\/\/fessp-esp.org.br\/index.php?rest_route=%2Fwp%2Fv2%2Ftags&post=7076"}],"curies":[{"name":"wp","href":"https:\/\/api.w.org\/{rel}","templated":true}]}}