{"id":7416,"date":"2020-02-06T17:57:15","date_gmt":"2020-02-06T20:57:15","guid":{"rendered":"http:\/\/comuniquefacil.com.br\/1\/?p=7416"},"modified":"2020-02-06T17:57:15","modified_gmt":"2020-02-06T20:57:15","slug":"fst-abre-debate-sobre-distintas-propostas-de-reforma-sindical","status":"publish","type":"post","link":"https:\/\/fessp-esp.org.br\/?p=7416","title":{"rendered":"FST abre debate sobre distintas propostas de \u2018reforma\u2019 sindical"},"content":{"rendered":"<header>\n<h2 class=\"entry-title\"><span style=\"font-size: 16px;\">Data de publica\u00e7\u00e3o: 5 Fev 2020<\/span><\/h2>\n<div id=\"audimaWidget\" class=\"checked\">&nbsp;<\/div>\n<hr>\n<\/header>\n<div class=\"subpage-image\"><img loading=\"lazy\" decoding=\"async\" src=\"https:\/\/www.ncst.org.br\/images_news\/Image\/foto-capa(4).jpg\" alt=\"\" width=\"630\" height=\"386\"><\/p>\n<p><em>por Valmir Ribeiro e Mylleni Rocha<\/em><\/p>\n<p>Os deputados Lincoln Portela (<a href=\"https:\/\/www.camara.leg.br\/proposicoesWeb\/fichadetramitacao?idProposicao=2225677\" target=\"_blank\" rel=\"noopener\"><u><strong>PL 5.552\/2019<\/strong><\/u><\/a>) e Marcelo Ramos (<a href=\"https:\/\/www.camara.leg.br\/proposicoesWeb\/fichadetramitacao?idProposicao=2229222\" target=\"_blank\" rel=\"noopener\"><u><strong>PEC 196\/2019<\/strong><\/u><\/a>), participaram, nesta ter\u00e7a-feira (04\/02), de debate na sede nacional da Confedera\u00e7\u00e3o Nacional dos Trabalhadores em Estabelecimentos de Educa\u00e7\u00e3o e Cultura \u2013&nbsp;<strong>CNTEEC<\/strong>, sobre as duas propostas que versam sobre mudan\u00e7as na estrutura sindical brasileira. Os parlamenteares apresentaram seus argumentos e ouviram sugest\u00f5es de das lideran\u00e7as sindicais integrantes do F\u00f3rum Sindical dos Trabalhadores (<strong>FST<\/strong>). Dirigentes da Nova Central Sindical de Trabalhadores \u2013&nbsp;<strong>NCST<\/strong>; da Confedera\u00e7\u00e3o dos Servidores P\u00fablicos do Brasil &#8211;&nbsp;<strong>CSPB<\/strong>; da Confedera\u00e7\u00e3o Nacional dos Trabalhadores na Ind\u00fastria &#8211;&nbsp;<strong>CNTI<\/strong>; da Confedera\u00e7\u00e3o Nacional dos Trabalhadores em Turismo e Hospitalidade \u2013&nbsp;<strong>CONTRATUH<\/strong>&nbsp;e da Confedera\u00e7\u00e3o dos Trabalhadores em Transportes Terrestres &#8211;&nbsp;<strong>CNTTT<\/strong>, mantiveram&nbsp; posicionamento em defesa da aprova\u00e7\u00e3o da PEC 5.552, que preserva a unicidade sindical e regulamenta demais pontos do artigo 8\u00ba da Constitui\u00e7\u00e3o Federal.<\/p>\n<p><img loading=\"lazy\" decoding=\"async\" src=\"https:\/\/www.ncst.org.br\/images_news\/Image\/foto-marcelo.jpg\" alt=\"\" width=\"630\" height=\"409\"><\/p>\n<p>As lideran\u00e7as sindicais realizaram questionamentos em torno dos crit\u00e9rios de aprova\u00e7\u00e3o de uma Proposta de Emenda \u00e0 Constitui\u00e7\u00e3o (PEC) e de um Projeto de Lei (PL), bem como as vantagens relativas de uma eventual aprova\u00e7\u00e3o do PL 5.552\/2019, por se tratar de um projeto que, na pr\u00e1tica, regulamenta artigo constitucional da apensado para normatizar a estrutura sindical brasileira, fruto de incont\u00e1veis debates com os diversos atores sociais na Assembleia Nacional Constituinte.<br \/>\n&nbsp;<br \/>\n<a href=\"https:\/\/www.ncst.org.br\/images_news\/files\/CNTI_DOCUMENTO%20ORIENTADOR%20PARA%20PARTICIPACAO%20NA%20REUNIAO%20FST_31JAN2020.pdf\" target=\"_blank\" rel=\"noopener\"><u><strong>Clique AQUI<\/strong><\/u><\/a>&nbsp;<strong>e leia conte\u00fado apresentado durante o encontro pelo presidente da NCST, Jos\u00e9 Calixto Ramos<\/strong><\/p>\n<p>Os servidores p\u00fablicos, representados pela CSPB, j\u00e1 firmaram consenso em, por meio de um coletivo das centrais, assegurar apoio ao PL 5.552\/2019. Para os representantes do setor p\u00fablico, abrir a possibilidade de modificar artigo 8\u00ba da Constitui\u00e7\u00e3o, dada a atual correla\u00e7\u00e3o de for\u00e7as no Congresso Nacional, representaria um tiro no p\u00e9 do movimento sindical, j\u00e1 bastante fragilizado por retrocessos resultantes da chamada \u201creforma\u201d trabalhista.<\/p>\n<p><img loading=\"lazy\" decoding=\"async\" src=\"https:\/\/www.ncst.org.br\/images_news\/Image\/foto-joao.jpg\" alt=\"\" width=\"630\" height=\"428\"><\/p>\n<p>Ouve consenso, durante o encontro, em torno da possibilidade de fechamento de um acordo que harmonize as duas propostas, unificando-as em um projeto comum, que alcance unidade entre as representa\u00e7\u00f5es sindicais nacionais.<\/p>\n<p><strong>Contribui\u00e7\u00e3o dos parlamentares<\/strong><\/p>\n<p><img loading=\"lazy\" decoding=\"async\" src=\"https:\/\/www.ncst.org.br\/images_news\/Image\/foto-final(4).jpg\" alt=\"\" width=\"630\" height=\"367\"><\/p>\n<p>Sob orienta\u00e7\u00f5es do&nbsp;deputado federal Lincoln Portela&nbsp;(PL-MG) &#8211; que subscreve o PL 5.552, estrat\u00e9gias de articula\u00e7\u00e3o pol\u00edtica tamb\u00e9m foram objeto de debates durante o encontro. Na oportunidade, as lideran\u00e7as acertaram compromisso de viabilizar di\u00e1logos com parlamentares de cada estado brasileiro, de maneira a debater o tema a partir de elementos t\u00e9cnicos, buscando a elucida\u00e7\u00e3o de eventuais d\u00favidas e refor\u00e7ando os m\u00e9ritos dos princ\u00edpios constitucionais ainda n\u00e3o regulamentados sobre o tema por meio do artigo 8\u00ba.<br \/>\nO&nbsp;deputado federal Marcelo Ramos&nbsp;(PL-AM), que subscreve a PEC 196\/2019, informou que o projeto j\u00e1 est\u00e1 de posse da relatoria, mas adiantou que est\u00e1 em discuss\u00e3o uma emenda que estabelece que benef\u00edcios n\u00e3o salariais do acordo coletivo, dentro do projeto, s\u00f3 ser\u00e3o recebidos pelo trabalhador filiado ao sindicato, estrat\u00e9gia que visa fomentar a contribui\u00e7\u00e3o sindical. Um ponto que, segundo o parlamentar, \u00e9 sens\u00edvel ao movimento sindical como um todo. \u201cContribui\u00e7\u00e3o compuls\u00f3ria n\u00e3o tem clima. O custeio \u00e9 uma p\u00e1gina em branco da PEC que precisa ser preenchida por voc\u00eas\u201d, sugeriu Ramos. Diverg\u00eancias entre a pluralidade e unicidade dever\u00e3o, segundo o deputado, ser objeto de disputa em Comiss\u00e3o Especial que ser\u00e1 criada para debater o tema no Congresso Nacional.<br \/>\nA&nbsp;soberania das decis\u00f5es em assembleia&nbsp;foi, no decorrer dos debates, ponto de unanimidade entre os participantes do encontro, considerado elemento indispens\u00e1vel para o exerc\u00edcio de uma atividade sindical independente e representativa. A preserva\u00e7\u00e3o deste pilar \u00e9 caminho, segundo os presentes, para o in\u00edcio da possibilidade de se construir um projeto comum, encerrando eventuais disputas numa Comiss\u00e3o Especial. \u201cA autonomia das assembleias \u00e9 um tema do qual saio dessa reuni\u00e3o mais sensibilizado\u201d, admitiu Marcelo Ramos.<br \/>\n\u201cO Marcelo \u00e9 um homem de entendimento, de di\u00e1logo, de negocia\u00e7\u00e3o. Assinei a PEC justamente para preservar o di\u00e1logo entre os projetos. Penso que essa reuni\u00e3o foi do melhor proveito e estou seguro de que sa\u00edmos dela maiores e melhor qualificados sobre pontos sens\u00edveis que o tema imp\u00f5e\u201d, concluiu o deputado Lincoln Portela.<\/p>\n<p><strong>Assista a reportagem da TV Contratuh:<\/strong><\/p>\n<p><iframe loading=\"lazy\" src=\"https:\/\/www.youtube.com\/embed\/gh-ydwI72w0\" width=\"630\" height=\"320\" frameborder=\"0\" allowfullscreen=\"allowfullscreen\" data-mce-fragment=\"1\"><\/iframe><\/p>\n<p><em>Imprensa NCST com Contratuh<\/em><\/div>\n","protected":false},"excerpt":{"rendered":"<p>Data de publica\u00e7\u00e3o: 5 Fev 2020 &nbsp; por Valmir Ribeiro e Mylleni Rocha Os deputados Lincoln Portela (PL 5.552\/2019) e<\/p>\n","protected":false},"author":1,"featured_media":7417,"comment_status":"open","ping_status":"open","sticky":false,"template":"","format":"standard","meta":{"colormag_page_container_layout":"default_layout","colormag_page_sidebar_layout":"default_layout","footnotes":""},"categories":[1],"tags":[],"class_list":["post-7416","post","type-post","status-publish","format-standard","has-post-thumbnail","hentry","category-sem-categoria"],"_links":{"self":[{"href":"https:\/\/fessp-esp.org.br\/index.php?rest_route=\/wp\/v2\/posts\/7416","targetHints":{"allow":["GET"]}}],"collection":[{"href":"https:\/\/fessp-esp.org.br\/index.php?rest_route=\/wp\/v2\/posts"}],"about":[{"href":"https:\/\/fessp-esp.org.br\/index.php?rest_route=\/wp\/v2\/types\/post"}],"author":[{"embeddable":true,"href":"https:\/\/fessp-esp.org.br\/index.php?rest_route=\/wp\/v2\/users\/1"}],"replies":[{"embeddable":true,"href":"https:\/\/fessp-esp.org.br\/index.php?rest_route=%2Fwp%2Fv2%2Fcomments&post=7416"}],"version-history":[{"count":1,"href":"https:\/\/fessp-esp.org.br\/index.php?rest_route=\/wp\/v2\/posts\/7416\/revisions"}],"predecessor-version":[{"id":7418,"href":"https:\/\/fessp-esp.org.br\/index.php?rest_route=\/wp\/v2\/posts\/7416\/revisions\/7418"}],"wp:featuredmedia":[{"embeddable":true,"href":"https:\/\/fessp-esp.org.br\/index.php?rest_route=\/wp\/v2\/media\/7417"}],"wp:attachment":[{"href":"https:\/\/fessp-esp.org.br\/index.php?rest_route=%2Fwp%2Fv2%2Fmedia&parent=7416"}],"wp:term":[{"taxonomy":"category","embeddable":true,"href":"https:\/\/fessp-esp.org.br\/index.php?rest_route=%2Fwp%2Fv2%2Fcategories&post=7416"},{"taxonomy":"post_tag","embeddable":true,"href":"https:\/\/fessp-esp.org.br\/index.php?rest_route=%2Fwp%2Fv2%2Ftags&post=7416"}],"curies":[{"name":"wp","href":"https:\/\/api.w.org\/{rel}","templated":true}]}}