{"id":7444,"date":"2020-02-18T11:24:33","date_gmt":"2020-02-18T14:24:33","guid":{"rendered":"http:\/\/comuniquefacil.com.br\/1\/?p=7444"},"modified":"2020-02-18T11:24:33","modified_gmt":"2020-02-18T14:24:33","slug":"diretora-da-mulher-participa-de-reuniao-do-forum-nacional-das-mulheres-trabalhadoras-das-centrais-sindicais","status":"publish","type":"post","link":"https:\/\/fessp-esp.org.br\/?p=7444","title":{"rendered":"Diretora da Mulher participa de reuni\u00e3o do F\u00f3rum Nacional das Mulheres Trabalhadoras das Centrais Sindicais"},"content":{"rendered":"<p>K\u00e1tia Rodrigues, diretora de Assuntos da Mulher, G\u00eanero e Juventude da Fessp-ESP, participou da Reuni\u00e3o do FNMTCS (F\u00f3rum Nacional das Mulheres Trabalhadoras das Centrais Sindicais), realizada no \u00faltimo dia 17 de fevereiro, na sede da For\u00e7a Sindical.<br \/>\nA pauta da reuni\u00e3o foi : Conjuntura Atual \/ Ato Unificado das Mulheres das Centrais para o &#8220;08 de Mar\u00e7o&#8221;.<br \/>\nNa reuni\u00e3o foi definido o tema que ser\u00e1 explorada em&nbsp; 8 de maio ser\u00e1 : &#8220;O Preju\u00edzo da Aposentadoria na Vida das Mulheres &#8220;.<\/p>\n<p><img loading=\"lazy\" decoding=\"async\" class=\"alignnone size-large wp-image-7445\" src=\"http:\/\/comuniquefacil.com.br\/1\/wp-content\/uploads\/2020\/02\/WhatsApp-Image-2020-02-17-at-17.36.44-1024x576.jpeg\" alt=\"\" width=\"800\" height=\"450\" srcset=\"https:\/\/fessp-esp.org.br\/wp-content\/uploads\/2020\/02\/WhatsApp-Image-2020-02-17-at-17.36.44-1024x576.jpeg 1024w, https:\/\/fessp-esp.org.br\/wp-content\/uploads\/2020\/02\/WhatsApp-Image-2020-02-17-at-17.36.44-300x169.jpeg 300w, https:\/\/fessp-esp.org.br\/wp-content\/uploads\/2020\/02\/WhatsApp-Image-2020-02-17-at-17.36.44-768x432.jpeg 768w, https:\/\/fessp-esp.org.br\/wp-content\/uploads\/2020\/02\/WhatsApp-Image-2020-02-17-at-17.36.44.jpeg 1280w\" sizes=\"auto, (max-width: 800px) 100vw, 800px\" \/> <img loading=\"lazy\" decoding=\"async\" class=\"alignnone size-large wp-image-7446\" src=\"http:\/\/comuniquefacil.com.br\/1\/wp-content\/uploads\/2020\/02\/WhatsApp-Image-2020-02-17-at-17.37.07-1024x576.jpeg\" alt=\"\" width=\"800\" height=\"450\" srcset=\"https:\/\/fessp-esp.org.br\/wp-content\/uploads\/2020\/02\/WhatsApp-Image-2020-02-17-at-17.37.07-1024x576.jpeg 1024w, https:\/\/fessp-esp.org.br\/wp-content\/uploads\/2020\/02\/WhatsApp-Image-2020-02-17-at-17.37.07-300x169.jpeg 300w, https:\/\/fessp-esp.org.br\/wp-content\/uploads\/2020\/02\/WhatsApp-Image-2020-02-17-at-17.37.07-768x432.jpeg 768w, https:\/\/fessp-esp.org.br\/wp-content\/uploads\/2020\/02\/WhatsApp-Image-2020-02-17-at-17.37.07.jpeg 1280w\" sizes=\"auto, (max-width: 800px) 100vw, 800px\" \/> <img loading=\"lazy\" decoding=\"async\" class=\"alignnone size-large wp-image-7447\" src=\"http:\/\/comuniquefacil.com.br\/1\/wp-content\/uploads\/2020\/02\/WhatsApp-Image-2020-02-17-at-17.37.08-1-1024x576.jpeg\" alt=\"\" width=\"800\" height=\"450\" srcset=\"https:\/\/fessp-esp.org.br\/wp-content\/uploads\/2020\/02\/WhatsApp-Image-2020-02-17-at-17.37.08-1-1024x576.jpeg 1024w, https:\/\/fessp-esp.org.br\/wp-content\/uploads\/2020\/02\/WhatsApp-Image-2020-02-17-at-17.37.08-1-300x169.jpeg 300w, https:\/\/fessp-esp.org.br\/wp-content\/uploads\/2020\/02\/WhatsApp-Image-2020-02-17-at-17.37.08-1-768x432.jpeg 768w, https:\/\/fessp-esp.org.br\/wp-content\/uploads\/2020\/02\/WhatsApp-Image-2020-02-17-at-17.37.08-1.jpeg 1280w\" sizes=\"auto, (max-width: 800px) 100vw, 800px\" \/> <img loading=\"lazy\" decoding=\"async\" class=\"alignnone size-large wp-image-7448\" src=\"http:\/\/comuniquefacil.com.br\/1\/wp-content\/uploads\/2020\/02\/WhatsApp-Image-2020-02-17-at-17.37.08-1024x576.jpeg\" alt=\"\" width=\"800\" height=\"450\" srcset=\"https:\/\/fessp-esp.org.br\/wp-content\/uploads\/2020\/02\/WhatsApp-Image-2020-02-17-at-17.37.08-1024x576.jpeg 1024w, https:\/\/fessp-esp.org.br\/wp-content\/uploads\/2020\/02\/WhatsApp-Image-2020-02-17-at-17.37.08-300x169.jpeg 300w, https:\/\/fessp-esp.org.br\/wp-content\/uploads\/2020\/02\/WhatsApp-Image-2020-02-17-at-17.37.08-768x432.jpeg 768w, https:\/\/fessp-esp.org.br\/wp-content\/uploads\/2020\/02\/WhatsApp-Image-2020-02-17-at-17.37.08.jpeg 1280w\" sizes=\"auto, (max-width: 800px) 100vw, 800px\" \/><\/p>\n","protected":false},"excerpt":{"rendered":"<p>K\u00e1tia Rodrigues, diretora de Assuntos da Mulher, G\u00eanero e Juventude da Fessp-ESP, participou da Reuni\u00e3o do FNMTCS (F\u00f3rum Nacional das<\/p>\n","protected":false},"author":1,"featured_media":7449,"comment_status":"open","ping_status":"open","sticky":false,"template":"","format":"standard","meta":{"colormag_page_container_layout":"default_layout","colormag_page_sidebar_layout":"default_layout","footnotes":""},"categories":[21],"tags":[],"class_list":["post-7444","post","type-post","status-publish","format-standard","has-post-thumbnail","hentry","category-mulher"],"_links":{"self":[{"href":"https:\/\/fessp-esp.org.br\/index.php?rest_route=\/wp\/v2\/posts\/7444","targetHints":{"allow":["GET"]}}],"collection":[{"href":"https:\/\/fessp-esp.org.br\/index.php?rest_route=\/wp\/v2\/posts"}],"about":[{"href":"https:\/\/fessp-esp.org.br\/index.php?rest_route=\/wp\/v2\/types\/post"}],"author":[{"embeddable":true,"href":"https:\/\/fessp-esp.org.br\/index.php?rest_route=\/wp\/v2\/users\/1"}],"replies":[{"embeddable":true,"href":"https:\/\/fessp-esp.org.br\/index.php?rest_route=%2Fwp%2Fv2%2Fcomments&post=7444"}],"version-history":[{"count":1,"href":"https:\/\/fessp-esp.org.br\/index.php?rest_route=\/wp\/v2\/posts\/7444\/revisions"}],"predecessor-version":[{"id":7450,"href":"https:\/\/fessp-esp.org.br\/index.php?rest_route=\/wp\/v2\/posts\/7444\/revisions\/7450"}],"wp:featuredmedia":[{"embeddable":true,"href":"https:\/\/fessp-esp.org.br\/index.php?rest_route=\/wp\/v2\/media\/7449"}],"wp:attachment":[{"href":"https:\/\/fessp-esp.org.br\/index.php?rest_route=%2Fwp%2Fv2%2Fmedia&parent=7444"}],"wp:term":[{"taxonomy":"category","embeddable":true,"href":"https:\/\/fessp-esp.org.br\/index.php?rest_route=%2Fwp%2Fv2%2Fcategories&post=7444"},{"taxonomy":"post_tag","embeddable":true,"href":"https:\/\/fessp-esp.org.br\/index.php?rest_route=%2Fwp%2Fv2%2Ftags&post=7444"}],"curies":[{"name":"wp","href":"https:\/\/api.w.org\/{rel}","templated":true}]}}