{"id":7601,"date":"2020-04-03T13:25:47","date_gmt":"2020-04-03T16:25:47","guid":{"rendered":"http:\/\/comuniquefacil.com.br\/1\/?p=7601"},"modified":"2020-04-03T13:27:44","modified_gmt":"2020-04-03T16:27:44","slug":"clate-e-isp-juntas-diante-da-pandemia","status":"publish","type":"post","link":"https:\/\/fessp-esp.org.br\/?p=7601","title":{"rendered":"CLATE e ISP, juntas diante da Pandemia"},"content":{"rendered":"<p id=\"article_date\">&nbsp;<\/p>\n<div class=\"article-fullnews-figure\"><em>O presidente da CLATE, Julio Fuentes, e o secretario regional da ISP Interam\u00e9rica, Joc\u00e9lio Drummond, mant\u00eam um di\u00e1logo permanente sobre a crise sanit\u00e1ria que atinge a regi\u00e3o e o mundo devido \u00e0 expans\u00e3o do COVID-19 e sobre as condi\u00e7\u00f5es dos trabalhadores e das trabalhadoras da sa\u00fade de todas as \u00e1reas do Estado que est\u00e3o trabalhando para combater o virus. Nesse contexto, os dirigentes assinaram uma Declara\u00e7\u00e3o conjunta, que vai fazer parte de uma campanha internacional de ambas as entidades, que representam mais de 9 milh\u00f5es de servidores p\u00fablicos do continente americano.<\/em><img loading=\"lazy\" decoding=\"async\" src=\"https:\/\/cspb.org.br\/UserFiles\/Image\/logofinal-jpg.jpg\" alt=\"\" width=\"600\" height=\"468\"><\/p>\n<p>A Internacional de Servi\u00e7os P\u00fablicos Interam\u00e9rica (<strong>ISP<\/strong>) e a Confedera\u00e7\u00e3o Latino-americana e do Caribe de Trabalhadores Estatais (<strong>CLATE<\/strong>) resolvem, de maneira conjunta, somar esfor\u00e7os e se unir em toda a Regi\u00e3o diante da crise sanit\u00e1ria que afeta a maioria dos pa\u00edses do mundo devido \u00e0 pandemia do Covid-19, afirma a Declara\u00e7\u00e3o conjunta.<\/p>\n<p><img loading=\"lazy\" decoding=\"async\" src=\"https:\/\/cspb.org.br\/UserFiles\/Image\/juliojocelio-768x512.jpeg\" alt=\"\" width=\"600\" height=\"400\"><br \/>\n<em><strong>Julio Fuentes e Joc\u00e9lio Drummond, representantes da CLATE e da ISP, juntos.<\/strong><\/em><\/p>\n<p>Ambas as entidades, que representam milh\u00f5es de trabalhadores e trabalhadoras do setor p\u00fablico da Regi\u00e3o e do mundo, unem-se, mais uma vez, em defesa de todos aqueles homens e mulheres que neste momento de crise est\u00e3o na linha de frente do combate \u00e0 pandemia, seja nos hospitais ou postos de sa\u00fade, como nas ruas realizando a coleta de lixo, distribuindo \u00e1gua, mantendo os servi\u00e7os el\u00e9tricos e atendendo as \u00e1reas estrat\u00e9gicas do Estado em tempos conturbados e incertos para toda a popula\u00e7\u00e3o, prossegue.<\/p>\n<p>Em momentos como estes, a hist\u00f3rica luta dos e das trabalhadoras estatais em defesa das pol\u00edticas p\u00fablicas e do papel do Estado como garantidor dos direitos essenciais dos nossos povos se torna mais vis\u00edvel do que nunca. Diante do ajuste neoliberal e das privatiza\u00e7\u00f5es em massa dos servi\u00e7os essenciais, os e as trabalhadoras do Estado estivemos nas ruas lutando e defendendo n\u00e3o apenas as nossas condi\u00e7\u00f5es de trabalho ou os nossos sal\u00e1rios, mas tamb\u00e9m a necessidade de um Estado presente que possa dar respostas em momentos como este. Porque, como dissemos tantas vezes, quem nos salva \u00e9 o Estado, n\u00e3o os Mercados.<\/p>\n<p>Nesse contexto, a ISP e a CLATE se unem para exigir dos governos da nossa Regi\u00e3o:<\/p>\n<p><em>&#8211; Todas as medidas necess\u00e1rias que garantam o isolamento social em todos os pa\u00edses, como \u00fanica medida para frear o cont\u00e1gio.<\/em><\/p>\n<p>&#8211;&nbsp;A\u00e7\u00f5es de difus\u00e3o e conscientiza\u00e7\u00e3o sobre a import\u00e2ncia das medidas sanit\u00e1rias de isolamento social e de higiene recomendadas pela Organiza\u00e7\u00e3o Mundial da Sa\u00fade (OMS) e pelos distintos Governos dos nossos pa\u00edses.<\/p>\n<p>&#8211; Especial aten\u00e7\u00e3o e prote\u00e7\u00e3o das e dos trabalhadores da sa\u00fade e de outros servi\u00e7os p\u00fablicos essenciais que nesta etapa realizam um enorme sacrif\u00edcio humano para enfrentar o brutal avan\u00e7o deste novo coronavirus.<\/p>\n<p>&#8211; A implementa\u00e7\u00e3o de normas e resolu\u00e7\u00f5es que evitem qualquer tipo de demiss\u00e3o ou suspens\u00e3o de trabalhadores e trabalhadoras durante esse per\u00edodo de pandemia e isolamento social.<\/p>\n<p>&#8211; A aplica\u00e7\u00e3o de todas as ferramentas legais que permitam garantir os servi\u00e7os b\u00e1sicos essenciais a todas as fam\u00edlias e suas casas, como \u00e1gua pot\u00e1vel, eletricidade, servi\u00e7os de comunica\u00e7\u00e3o, etc.<\/p>\n<p>&#8211; Prote\u00e7\u00e3o para todos os trabalhadores e trabalhadoras, tanto do setor p\u00fablico como privado, e especialmente para aqueles que trabalham em condi\u00e7\u00f5es prec\u00e1rias, que na nossa Regi\u00e3o superam 50% da popula\u00e7\u00e3o economicamente ativa.<\/p>\n<p>&#8211; Resposta imediata a todas as pessoas que est\u00e3o em situa\u00e7\u00e3o de vulnerabilidade, como moradores em situa\u00e7\u00e3o de rua e de extrema pobreza, trabalhadores do setor informal, etc.<\/p>\n<p>Al\u00e9m disso, aos empres\u00e1rios e \u00e0s c\u00e2maras que os representam, as duas entidades solicitam seu maior esfor\u00e7o e compromisso social para garantir a manuten\u00e7\u00e3o das fontes de emprego e os sal\u00e1rios de todos os seus empregados e empregadas.<\/p>\n<p>Por \u00faltimo, a ISP e a CLATE enviam uma especial e fraterna sauda\u00e7\u00e3o a todos os trabalhadores e trabalhadoras da Sa\u00fade por seu esfor\u00e7o exemplar, porque neste momento dif\u00edcil realizam suas tarefas com mais imagina\u00e7\u00e3o e compromisso do que com recursos estrat\u00e9gicos. Aos trabalhadores e trabalhadoras do setor p\u00fablico em geral tamb\u00e9m vai o nosso apoio e agradecimento pelo esfor\u00e7o cotidiano que garante o funcionamento da vida humana em tempos de pandemia.<\/p>\n<p><a href=\"http:\/\/clate.org\/wp-content\/uploads\/2020\/03\/PORT_declaracion-ISP-CLATE.pdf\" target=\"_blank\" rel=\"noopener\"><u><strong>Baixe AQUI<\/strong><\/u><\/a>&nbsp;a Declara\u00e7\u00e3o da CLATE e da ISP em&nbsp;<strong>portugu\u00eas<\/strong>, ou&nbsp;<a href=\"http:\/\/clate.org\/wp-content\/uploads\/2020\/03\/declaracion-ISP-CLATE.pdf\" target=\"_blank\" rel=\"noopener\"><u><strong>AQUI<\/strong><\/u><\/a>&nbsp;a vers\u00e3o em espanhol.<\/p>\n<p><em>Fonte:&nbsp;Confedera\u00e7\u00e3o Latino-americana e do Caribe de Trabalhadores Estatais&nbsp; &#8211;&nbsp;<strong>CLATE<\/strong><\/em><\/p>\n<\/div>\n","protected":false},"excerpt":{"rendered":"<p>&nbsp; O presidente da CLATE, Julio Fuentes, e o secretario regional da ISP Interam\u00e9rica, Joc\u00e9lio Drummond, mant\u00eam um di\u00e1logo permanente<\/p>\n","protected":false},"author":1,"featured_media":7602,"comment_status":"open","ping_status":"open","sticky":false,"template":"","format":"standard","meta":{"colormag_page_container_layout":"default_layout","colormag_page_sidebar_layout":"default_layout","footnotes":""},"categories":[1],"tags":[],"class_list":["post-7601","post","type-post","status-publish","format-standard","has-post-thumbnail","hentry","category-sem-categoria"],"_links":{"self":[{"href":"https:\/\/fessp-esp.org.br\/index.php?rest_route=\/wp\/v2\/posts\/7601","targetHints":{"allow":["GET"]}}],"collection":[{"href":"https:\/\/fessp-esp.org.br\/index.php?rest_route=\/wp\/v2\/posts"}],"about":[{"href":"https:\/\/fessp-esp.org.br\/index.php?rest_route=\/wp\/v2\/types\/post"}],"author":[{"embeddable":true,"href":"https:\/\/fessp-esp.org.br\/index.php?rest_route=\/wp\/v2\/users\/1"}],"replies":[{"embeddable":true,"href":"https:\/\/fessp-esp.org.br\/index.php?rest_route=%2Fwp%2Fv2%2Fcomments&post=7601"}],"version-history":[{"count":2,"href":"https:\/\/fessp-esp.org.br\/index.php?rest_route=\/wp\/v2\/posts\/7601\/revisions"}],"predecessor-version":[{"id":7604,"href":"https:\/\/fessp-esp.org.br\/index.php?rest_route=\/wp\/v2\/posts\/7601\/revisions\/7604"}],"wp:featuredmedia":[{"embeddable":true,"href":"https:\/\/fessp-esp.org.br\/index.php?rest_route=\/wp\/v2\/media\/7602"}],"wp:attachment":[{"href":"https:\/\/fessp-esp.org.br\/index.php?rest_route=%2Fwp%2Fv2%2Fmedia&parent=7601"}],"wp:term":[{"taxonomy":"category","embeddable":true,"href":"https:\/\/fessp-esp.org.br\/index.php?rest_route=%2Fwp%2Fv2%2Fcategories&post=7601"},{"taxonomy":"post_tag","embeddable":true,"href":"https:\/\/fessp-esp.org.br\/index.php?rest_route=%2Fwp%2Fv2%2Ftags&post=7601"}],"curies":[{"name":"wp","href":"https:\/\/api.w.org\/{rel}","templated":true}]}}