{"id":7642,"date":"2020-04-29T13:47:08","date_gmt":"2020-04-29T16:47:08","guid":{"rendered":"http:\/\/comuniquefacil.com.br\/1\/?p=7642"},"modified":"2020-04-29T13:47:08","modified_gmt":"2020-04-29T16:47:08","slug":"notificacao-extrajudicial-alerta-deputados-para-os-graves-danos-envolvidos-na-pec-10-2020","status":"publish","type":"post","link":"https:\/\/fessp-esp.org.br\/?p=7642","title":{"rendered":"Notifica\u00e7\u00e3o extrajudicial alerta deputados para os graves danos envolvidos na PEC 10\/2020"},"content":{"rendered":"<p id=\"article_date\">Hoje, 10:04:57<\/p>\n<hr class=\"style10\">\n<div class=\"article-fullnews-figure\"><img loading=\"lazy\" decoding=\"async\" src=\"https:\/\/cspb.org.br\/UserFiles\/Image\/deputados(1).jpg\" alt=\"\" width=\"600\" height=\"400\"><\/p>\n<p>Diante da inclus\u00e3o da PEC 10\/2020 na pauta da sess\u00e3o da C\u00e2mara dos Deputados desta ter\u00e7a-feira, a&nbsp;<strong>Auditoria Cidad\u00e3 da D\u00edvid<\/strong>a enviou Notifica\u00e7\u00e3o Extrajudicial a todos(as) deputados(as) federais para garantir que cada parlamentar&nbsp;tomou conhecimento dos diversos e graves problemas de ordem jur\u00eddica, constitucional, econ\u00f4mico-financeira e social envolvidos na PEC 10\/2020, assim como os seus impactos danosos \u00e0 sociedade brasileira,&nbsp;e assegurar que todos que ir\u00e3o votar a referida PEC 10\/2020 em plen\u00e1rio deem conhecimento a seus pares e deliberem, no \u00e2mbito de suas responsabilidades pol\u00edtico-parlamentares, as medidas necess\u00e1rias para que sejam superados os diversos problemas elencados na Notifica\u00e7\u00e3o Extrajudicial, previamente \u00e0 delibera\u00e7\u00e3o da referida proposta pelo Plen\u00e1rio da C\u00e2mara dos Deputados. A Auditoria Cidad\u00e3 da D\u00edvida pediu ainda que a presente manifesta\u00e7\u00e3o nos anais da sess\u00e3o que analisar a referida PEC 10\/2020 na C\u00e2mara dos Deputados.&nbsp;<\/p>\n<p><a href=\"https:\/\/auditoriacidada.org.br\/conteudo\/notificacao-extrajudicial-pec-10\/\" target=\"_blank\" rel=\"noopener\"><u><strong>Clique AQUI<\/strong><\/u><\/a>&nbsp;<strong>e leia a Notifica\u00e7\u00e3o Extrajudicial completa<\/strong><\/p>\n<p>Pressionem os deputados. Abaixo a lista de e-mails e twitter dos parlamentares<\/p>\n<p><a href=\"https:\/\/auditoriacidada.org.br\/emails-de-deputados-federais\/?fbclid=IwAR1xisXM3vuOlbqbEzyrNiv5-IPuCUpQ2RQ6Ej-tEM1JYnfHuqV3W1RLTXQ\" target=\"_blank\" rel=\"noopener\"><u><strong>E-mail dos deputados<\/strong><\/u><\/a><\/p>\n<p><a href=\"https:\/\/auditoriacidada.org.br\/contato-dos-deputados-federais-2020-twitter\/\" target=\"_blank\" rel=\"noopener\"><u><strong>Twitter<\/strong><\/u><\/a><\/p>\n<p><a href=\"https:\/\/auditoriacidada.org.br\/conteudo\/lista-de-emails-liderancas-na-camara-dos-deputados-2020\/?fbclid=IwAR2K3GS67Hdnskk0r4e6RulDM271NgC8IpANl5IMl1Jz9KcdA0l8y2WJ7b8\" target=\"_blank\" rel=\"noopener\"><u><strong>E-mail lideran\u00e7a<\/strong><\/u><\/a><\/div>\n","protected":false},"excerpt":{"rendered":"<p>Hoje, 10:04:57 Diante da inclus\u00e3o da PEC 10\/2020 na pauta da sess\u00e3o da C\u00e2mara dos Deputados desta ter\u00e7a-feira, a&nbsp;Auditoria Cidad\u00e3<\/p>\n","protected":false},"author":1,"featured_media":7643,"comment_status":"open","ping_status":"open","sticky":false,"template":"","format":"standard","meta":{"colormag_page_container_layout":"default_layout","colormag_page_sidebar_layout":"default_layout","footnotes":""},"categories":[1],"tags":[],"class_list":["post-7642","post","type-post","status-publish","format-standard","has-post-thumbnail","hentry","category-sem-categoria"],"_links":{"self":[{"href":"https:\/\/fessp-esp.org.br\/index.php?rest_route=\/wp\/v2\/posts\/7642","targetHints":{"allow":["GET"]}}],"collection":[{"href":"https:\/\/fessp-esp.org.br\/index.php?rest_route=\/wp\/v2\/posts"}],"about":[{"href":"https:\/\/fessp-esp.org.br\/index.php?rest_route=\/wp\/v2\/types\/post"}],"author":[{"embeddable":true,"href":"https:\/\/fessp-esp.org.br\/index.php?rest_route=\/wp\/v2\/users\/1"}],"replies":[{"embeddable":true,"href":"https:\/\/fessp-esp.org.br\/index.php?rest_route=%2Fwp%2Fv2%2Fcomments&post=7642"}],"version-history":[{"count":1,"href":"https:\/\/fessp-esp.org.br\/index.php?rest_route=\/wp\/v2\/posts\/7642\/revisions"}],"predecessor-version":[{"id":7644,"href":"https:\/\/fessp-esp.org.br\/index.php?rest_route=\/wp\/v2\/posts\/7642\/revisions\/7644"}],"wp:featuredmedia":[{"embeddable":true,"href":"https:\/\/fessp-esp.org.br\/index.php?rest_route=\/wp\/v2\/media\/7643"}],"wp:attachment":[{"href":"https:\/\/fessp-esp.org.br\/index.php?rest_route=%2Fwp%2Fv2%2Fmedia&parent=7642"}],"wp:term":[{"taxonomy":"category","embeddable":true,"href":"https:\/\/fessp-esp.org.br\/index.php?rest_route=%2Fwp%2Fv2%2Fcategories&post=7642"},{"taxonomy":"post_tag","embeddable":true,"href":"https:\/\/fessp-esp.org.br\/index.php?rest_route=%2Fwp%2Fv2%2Ftags&post=7642"}],"curies":[{"name":"wp","href":"https:\/\/api.w.org\/{rel}","templated":true}]}}