{"id":7652,"date":"2020-04-29T21:50:43","date_gmt":"2020-04-30T00:50:43","guid":{"rendered":"http:\/\/comuniquefacil.com.br\/1\/?p=7652"},"modified":"2020-04-29T21:58:44","modified_gmt":"2020-04-30T00:58:44","slug":"parabens-a-cpp","status":"publish","type":"post","link":"https:\/\/fessp-esp.org.br\/?p=7652","title":{"rendered":"Parab\u00e9ns ao CPP"},"content":{"rendered":"<p><img loading=\"lazy\" decoding=\"async\" class=\"size-medium wp-image-7667 alignleft\" src=\"http:\/\/comuniquefacil.com.br\/1\/wp-content\/uploads\/2020\/04\/cpp2-1-300x225.jpg\" alt=\"\" width=\"300\" height=\"225\" srcset=\"https:\/\/fessp-esp.org.br\/wp-content\/uploads\/2020\/04\/cpp2-1-300x225.jpg 300w, https:\/\/fessp-esp.org.br\/wp-content\/uploads\/2020\/04\/cpp2-1.jpg 600w\" sizes=\"auto, (max-width: 300px) 100vw, 300px\" \/><\/p>\n<p>&nbsp;<\/p>\n<p>&nbsp;<\/p>\n<p><em>A diretoria da Feesp-Esp parabeniza o Centro do Professorado Paulista (CPP) pelo seu anivers\u00e1rio de 90 anos.<\/em><\/p>\n<p><em>Sentimos orgulho de lutar ao lado de uma entidade forte e organizada como o CPP.<\/em><\/p>\n<p><em>Neste momento dif\u00edcil, esta comemora\u00e7\u00e3o enche nossos cora\u00e7\u00f5es de alegria e de esperan\u00e7a de um futuro melhor para nossos professores e para a educa\u00e7\u00e3o brasileira.<\/em><\/p>\n","protected":false},"excerpt":{"rendered":"<p>&nbsp; &nbsp; A diretoria da Feesp-Esp parabeniza o Centro do Professorado Paulista (CPP) pelo seu anivers\u00e1rio de 90 anos. Sentimos<\/p>\n","protected":false},"author":1,"featured_media":7667,"comment_status":"open","ping_status":"open","sticky":false,"template":"","format":"standard","meta":{"colormag_page_container_layout":"default_layout","colormag_page_sidebar_layout":"default_layout","footnotes":""},"categories":[14,29],"tags":[],"class_list":["post-7652","post","type-post","status-publish","format-standard","has-post-thumbnail","hentry","category-diretoria","category-nossos-filiados"],"_links":{"self":[{"href":"https:\/\/fessp-esp.org.br\/index.php?rest_route=\/wp\/v2\/posts\/7652","targetHints":{"allow":["GET"]}}],"collection":[{"href":"https:\/\/fessp-esp.org.br\/index.php?rest_route=\/wp\/v2\/posts"}],"about":[{"href":"https:\/\/fessp-esp.org.br\/index.php?rest_route=\/wp\/v2\/types\/post"}],"author":[{"embeddable":true,"href":"https:\/\/fessp-esp.org.br\/index.php?rest_route=\/wp\/v2\/users\/1"}],"replies":[{"embeddable":true,"href":"https:\/\/fessp-esp.org.br\/index.php?rest_route=%2Fwp%2Fv2%2Fcomments&post=7652"}],"version-history":[{"count":6,"href":"https:\/\/fessp-esp.org.br\/index.php?rest_route=\/wp\/v2\/posts\/7652\/revisions"}],"predecessor-version":[{"id":7670,"href":"https:\/\/fessp-esp.org.br\/index.php?rest_route=\/wp\/v2\/posts\/7652\/revisions\/7670"}],"wp:featuredmedia":[{"embeddable":true,"href":"https:\/\/fessp-esp.org.br\/index.php?rest_route=\/wp\/v2\/media\/7667"}],"wp:attachment":[{"href":"https:\/\/fessp-esp.org.br\/index.php?rest_route=%2Fwp%2Fv2%2Fmedia&parent=7652"}],"wp:term":[{"taxonomy":"category","embeddable":true,"href":"https:\/\/fessp-esp.org.br\/index.php?rest_route=%2Fwp%2Fv2%2Fcategories&post=7652"},{"taxonomy":"post_tag","embeddable":true,"href":"https:\/\/fessp-esp.org.br\/index.php?rest_route=%2Fwp%2Fv2%2Ftags&post=7652"}],"curies":[{"name":"wp","href":"https:\/\/api.w.org\/{rel}","templated":true}]}}