{"id":7916,"date":"2020-07-20T15:53:56","date_gmt":"2020-07-20T18:53:56","guid":{"rendered":"http:\/\/comuniquefacil.com.br\/1\/?p=7916"},"modified":"2020-07-20T15:53:56","modified_gmt":"2020-07-20T18:53:56","slug":"depois-da-covid-19-saude-da-mulher-estara-ainda-mais-exposta-a-doencas-negligenciadas","status":"publish","type":"post","link":"https:\/\/fessp-esp.org.br\/?p=7916","title":{"rendered":"Depois da covid-19, sa\u00fade da mulher estar\u00e1 ainda mais exposta a doen\u00e7as negligenciadas"},"content":{"rendered":"<div class=\"row collapse\">\n<div id=\"single-the-title\" class=\"column large-12 small-12\">\n<h1><span style=\"font-size: 16px;\">Sanitarista Adele Benzaquem diz que exames, vacinas e procedimentos n\u00e3o est\u00e3o sendo feitos. A sa\u00fade da mulher tem risco aumentado para diversas doen\u00e7as<\/span><\/h1>\n<\/div>\n<div class=\"post-info\">\n<div class=\"author\">Por&nbsp;<b>Cida de Oliveira, da RBA<\/b><\/div>\n<\/div>\n<div class=\"column large-12 small-12 no-padding\">\n<div class=\"credit\">&nbsp;<\/div>\n<p><img decoding=\"async\" class=\"post--image\" src=\"https:\/\/www.redebrasilatual.com.br\/wp-content\/uploads\/2020\/07\/saude-mulher.jpg\"><\/p>\n<div class=\"post--image--caption\">Consultora da OMS apresentou estimativas do Imperial College, de Londres. Aumento da mortalidade por HIV, tuberculose, mal\u00e1ria est\u00e3o entre as consequ\u00eancias de testagem tardia de as pessoas contaminadas pelo coronav\u00edrus<\/div>\n<\/div>\n<\/div>\n<div class=\"row row-small collapse\">\n<div id=\"single-the-content\" class=\"column large-12 small-12\">\n<div class=\"row\">\n<div class=\"column large-1 small-12 no-padding\">\n<div class=\"social-wrapper post-sharer\">S\u00e3o Paulo \u2013 A consultora da Organiza\u00e7\u00e3o Pan-Americana de Sa\u00fade (Opas), a m\u00e9dica sanitarista Adele Benzaquem, disse hoje (15) que \u201c\u00e9 balela dizer que os servi\u00e7os de sa\u00fade est\u00e3o funcionando normalmente no Brasil. Em participa\u00e7\u00e3o em <a href=\"https:\/\/www.facebook.com\/ubmnacional\/\" target=\"_blank\" rel=\"noreferrer noopener\" aria-label=\"debate promovido pelo Conselho Nacional de Sa\u00fade (CNS) e Uni\u00e3o Brasileira de Mulheres (UBM) (abre numa nova aba)\">debate promovido pelo Conselho Nacional de Sa\u00fade (CNS) e a Uni\u00e3o Brasileira de Mulheres (UBM)<\/a>, ela destacou que h\u00e1 muita dificuldade para mulheres e meninas brasileiras receberem cuidados. Segundo ela, depois do estrago causado pela pandemia da covid-19, em decorr\u00eancia da m\u00e1 gest\u00e3o do sistema de sa\u00fade p\u00fablica pelo Estado brasileiro, a sa\u00fade da mulher estar\u00e1 ainda mais exposta.<i class=\"fab fa-twitter\"><\/i><\/div>\n<\/div>\n<div class=\"large-11 small-12\">\n<div class=\"the-content\">\n<p>\u201c\u00c9 preciso tratar a sa\u00fade reprodutiva, materno e infantil como servi\u00e7os essenciais, tanto em preven\u00e7\u00e3o como em tratamento. Devemos, mais do que nunca, manter acesso, sem interrup\u00e7\u00e3o, \u00e0 testagem e aos tratamentos para HIV, at\u00e9 para evitar a transmiss\u00e3o vertical. E manter testes de s\u00edfilis, vacina\u00e7\u00e3o contra de hepatite B, difteria e t\u00e9tano, oferta de planejamento reprodutivo e procedimentos preventivos para c\u00e2ncer cervical e de mama. S\u00e3o necess\u00e1rios protocolos que priorizem esses servi\u00e7os para que mulheres e crian\u00e7as cheguem aos servi\u00e7os com seguran\u00e7a\u201d, recomendou.<\/p>\n<p>Mas os servi\u00e7os deixaram de testar e de atender as pessoas, que ficaram inclusive sem preservativos, segundo Adele. \u201cComo consequ\u00eancia, \u00e9 esperado o aumento do n\u00famero de casos de HIV e DSTs, c\u00e2ncer cervical, de crian\u00e7as com t\u00e9tano e s\u00edfilis neonatal e de hepatite B. O que j\u00e1 era negligenciado agora est\u00e1 sendo ignorado. Essa apatia das pol\u00edticas de preven\u00e7\u00e3o, principalmente ao cuidado com HIV e DST, desde o in\u00edcio desse governo, est\u00e1 sendo agravada com a chegada da covid-19\u201d.<\/p>\n<h2>Mortalidade<\/h2>\n<p>A consultora da Opas, bra\u00e7o da Organiza\u00e7\u00e3o Mundial da Sa\u00fade (OMS), apresentou estimativas do Imperial College, de Londres, sobre as consequ\u00eancias da interrup\u00e7\u00e3o do servi\u00e7o. Entre elas, o aumento da mortalidade por HIV em 10%, pela tuberculose em 20% e de mal\u00e1ria em 16% nos pr\u00f3ximos cinco anos. A estimativa considera que, ao serem testadas tardiamente, as pessoas contaminadas pelo v\u00edrus tender\u00e3o a evoluir para aids, com uma progress\u00e3o menos favor\u00e1vel \u00e0 sobrevida.<\/p>\n<p>H\u00e1 estimativas tamb\u00e9m de que, durante a pandemia, 18 milh\u00f5es de mulheres perder\u00e3o o acesso regular a contraceptivos. E que a redu\u00e7\u00e3o na oferta de servi\u00e7os de sa\u00fade da mulher \u2013 reprodutiva, materna e neonatal \u2013seja de 18% devido \u00e0 pandemia. \u201cAl\u00e9m disso, espera-se aumento de 235 mil mortes de crian\u00e7a e mortes de mais de 12,5 mil mulheres nos pr\u00f3ximos seis meses. No Brasil o percentual de \u00f3bitos de gestantes com covid-19 \u00e9 o maior na Am\u00e9rica Latina e Caribe.\u201d<\/p>\n<figure class=\"wp-block-image size-large\"><img decoding=\"async\" class=\"wp-image-431927\" src=\"https:\/\/www.redebrasilatual.com.br\/wp-content\/uploads\/2020\/07\/profissionais-de-sa%C3%BAde-1-1024x643.jpg\" sizes=\"(max-width: 1024px) 100vw, 1024px\" srcset=\"https:\/\/www.redebrasilatual.com.br\/wp-content\/uploads\/2020\/07\/profissionais-de-sa\u00fade-1-1024x643.jpg 1024w, https:\/\/www.redebrasilatual.com.br\/wp-content\/uploads\/2020\/07\/profissionais-de-sa\u00fade-1-360x226.jpg 360w, https:\/\/www.redebrasilatual.com.br\/wp-content\/uploads\/2020\/07\/profissionais-de-sa\u00fade-1-768x483.jpg 768w, https:\/\/www.redebrasilatual.com.br\/wp-content\/uploads\/2020\/07\/profissionais-de-sa\u00fade-1.jpg 1200w\" alt=\"sa\u00fade da mulher\"><figcaption>Maioria entre os profissionais de sa\u00fade, as mulheres s\u00e3o mais vulner\u00e1veis ao cont\u00e1gio<\/figcaption><\/figure>\n<h2>Na linha de frente<\/h2>\n<p>A sa\u00fade e a vida da mulher s\u00e3o impactadas pela pandemia tamb\u00e9m devido ao fato de serem maioria entre os profissionais de sa\u00fade (70%). S\u00e3o m\u00e9dicas, enfermeiras, auxiliares, nutricionistas, fisioterapeutas, profissionais administrativos, cozinheiras e faxineiras, mais expostas ao novo coronav\u00edrus dos que os homens. O risco aumenta, segundo Adele, porque muitos estados compram uniformes e equipamentos de prote\u00e7\u00e3o individual em tamanhos masculinos, inadequados para elas.<\/p>\n<p>Ela destacou ainda a necessidade de garantir a essas profissionais o exame de PCR, considerado mais confi\u00e1vel para detectar a infec\u00e7\u00e3o pelo novo coronav\u00edrus. \u201cDeveriam ser testados semanalmente, para que seja assegurada a sua biosseguran\u00e7a.\u201d<\/p>\n<h2>Genoc\u00eddio ind\u00edgena<\/h2>\n<p>A grave situa\u00e7\u00e3o de sa\u00fade ind\u00edgena, acentuada pela insufici\u00eancia das respostas governamentais \u00e0s demandas dessas comunidades, aumenta os riscos de extin\u00e7\u00e3o dessas popula\u00e7\u00f5es segundo a m\u00e9dica. Al\u00e9m do descaso, h\u00e1 falta de transpar\u00eancia dos dados fornecidos pelo Minist\u00e9rio da Sa\u00fade quanto a infec\u00e7\u00e3o e \u00f3bitos pelo novo coronav\u00edrus. \u201cExiste a amea\u00e7a de&nbsp;<a href=\"https:\/\/www.redebrasilatual.com.br\/cidadania\/2020\/07\/indigenas-recorrem-ao-stf-contra-genocidio-institucionalizado-pelo-governo\/\" target=\"_blank\" rel=\"noreferrer noopener\" aria-label=\"genoc\u00eddio (abre numa nova aba)\">genoc\u00eddio<\/a>&nbsp;entre a popula\u00e7\u00e3o ind\u00edgena. A Funai n\u00e3o desenvolveu nenhum protocolo para que os profissionais de sa\u00fade possam entrar nas terras ind\u00edgenas. E muitas unidades de sa\u00fade n\u00e3o est\u00e3o preparadas para o atendimento a essas pessoas contaminadas. Nos centros urbanos, est\u00e3o a merc\u00ea de atendimento inadequado, marcado pelo preconceito e estigma de que eles s\u00e3o v\u00edtimas\u201d.<\/p>\n<p>Para completar, destacou, o aux\u00edlio emergencial n\u00e3o levou em considera\u00e7\u00e3o as especificidades e as dificuldades de acesso \u00e0 internet pelos ind\u00edgenas. Eles t\u00eam de se deslocar at\u00e9 a cidade em busca do aux\u00edlio e comprar alimento, mas acabam se infectando. \u201cA Funai executou apenas 40% do or\u00e7amento das a\u00e7\u00f5es emergenciais. E o mais grave: Bolsonaro vetou 16 dispositivos da lei que institui cuidados contra a covid-19 para ind\u00edgenas e outras comunidades tradicionais.<\/p>\n<p>A situa\u00e7\u00e3o, conforme a consultora da Opas, ganha maior dimens\u00e3o com o fato de que 45% dos lares brasileiros s\u00e3o comandados por mulheres, segundo dados de 2018 do Instituto de Pesquisa Econ\u00f4mica Aplicada (Ipea). E de que a atual crise econ\u00f4mica tende a se agravar com aumento da fome e da mis\u00e9ria. \u201cA igualdade de g\u00eanero e o empoderamento das mulheres deve come\u00e7ar por reconhecer que as mulheres s\u00e3o afetadas de forma diferente dos homens. N\u00e3o basta olhar estat\u00edsticas que mostram que tem mais homens infectados pela covid-19 do que mulheres. \u00c9 preciso entender os efeitos da covid-19 entre elas e criar pol\u00edticas mais equ\u00e2nimes\u201d.<\/p>\n<div id=\"redeb-1146255870\" class=\"redeb-depois-do-conteudo\">&nbsp;<\/div>\n<\/div>\n<\/div>\n<\/div>\n<\/div>\n<\/div>\n","protected":false},"excerpt":{"rendered":"<p>Sanitarista Adele Benzaquem diz que exames, vacinas e procedimentos n\u00e3o est\u00e3o sendo feitos. A sa\u00fade da mulher tem risco aumentado<\/p>\n","protected":false},"author":1,"featured_media":7917,"comment_status":"open","ping_status":"open","sticky":false,"template":"","format":"standard","meta":{"colormag_page_container_layout":"default_layout","colormag_page_sidebar_layout":"default_layout","footnotes":""},"categories":[21],"tags":[],"class_list":["post-7916","post","type-post","status-publish","format-standard","has-post-thumbnail","hentry","category-mulher"],"_links":{"self":[{"href":"https:\/\/fessp-esp.org.br\/index.php?rest_route=\/wp\/v2\/posts\/7916","targetHints":{"allow":["GET"]}}],"collection":[{"href":"https:\/\/fessp-esp.org.br\/index.php?rest_route=\/wp\/v2\/posts"}],"about":[{"href":"https:\/\/fessp-esp.org.br\/index.php?rest_route=\/wp\/v2\/types\/post"}],"author":[{"embeddable":true,"href":"https:\/\/fessp-esp.org.br\/index.php?rest_route=\/wp\/v2\/users\/1"}],"replies":[{"embeddable":true,"href":"https:\/\/fessp-esp.org.br\/index.php?rest_route=%2Fwp%2Fv2%2Fcomments&post=7916"}],"version-history":[{"count":1,"href":"https:\/\/fessp-esp.org.br\/index.php?rest_route=\/wp\/v2\/posts\/7916\/revisions"}],"predecessor-version":[{"id":7918,"href":"https:\/\/fessp-esp.org.br\/index.php?rest_route=\/wp\/v2\/posts\/7916\/revisions\/7918"}],"wp:featuredmedia":[{"embeddable":true,"href":"https:\/\/fessp-esp.org.br\/index.php?rest_route=\/wp\/v2\/media\/7917"}],"wp:attachment":[{"href":"https:\/\/fessp-esp.org.br\/index.php?rest_route=%2Fwp%2Fv2%2Fmedia&parent=7916"}],"wp:term":[{"taxonomy":"category","embeddable":true,"href":"https:\/\/fessp-esp.org.br\/index.php?rest_route=%2Fwp%2Fv2%2Fcategories&post=7916"},{"taxonomy":"post_tag","embeddable":true,"href":"https:\/\/fessp-esp.org.br\/index.php?rest_route=%2Fwp%2Fv2%2Ftags&post=7916"}],"curies":[{"name":"wp","href":"https:\/\/api.w.org\/{rel}","templated":true}]}}