{"id":8049,"date":"2020-08-25T15:40:17","date_gmt":"2020-08-25T18:40:17","guid":{"rendered":"http:\/\/comuniquefacil.com.br\/1\/?p=8049"},"modified":"2020-08-25T15:40:17","modified_gmt":"2020-08-25T18:40:17","slug":"o-que-os-profissionais-da-educacao-podem-esperar-com-a-aprovacao-do-fundeb","status":"publish","type":"post","link":"https:\/\/fessp-esp.org.br\/?p=8049","title":{"rendered":"O que os profissionais da educa\u00e7\u00e3o podem esperar com a aprova\u00e7\u00e3o do Fundeb?"},"content":{"rendered":"<header>\n<h2 class=\"entry-title\">&nbsp;<\/h2>\n<p><span class=\"entry-categories\">Data de publica\u00e7\u00e3o: 24 Ago 2020<\/span><\/p>\n<div id=\"audimaWidget\" class=\"checked\">\n<div id=\"audima-banner\" class=\"checked\">&nbsp;<\/div>\n<\/div>\n<hr>\n<\/header>\n<div class=\"subpage-image\">\n<p><em>Caso seja renovado, 70% do fundo ser\u00e1 destinado para os profissionais da educa\u00e7\u00e3o no Brasil<\/em><\/p>\n<p>&nbsp;<\/p>\n<figure class=\"image\"><img loading=\"lazy\" decoding=\"async\" src=\"https:\/\/www.ncst.org.br\/images_news\/Image\/professora.jpeg\" alt=\"\" width=\"630\" height=\"370\"><figcaption><strong>O projeto prev\u00ea que 70% do fundo seja destinado ao sal\u00e1rio dos profisisonaisda educa\u00e7\u00e3o. &#8211; Arquivo\/Ag\u00eancia Brasi<\/strong><\/figcaption><\/figure>\n<p><em>por&nbsp;Nay\u00e1 Tawane<br \/>\nedi\u00e7\u00e3o de&nbsp;Camila Maciel<\/em><\/p>\n<p>O novo Fundo de Manuten\u00e7\u00e3o e Desenvolvimento da Educa\u00e7\u00e3o B\u00e1sica e da Valoriza\u00e7\u00e3o dos Profissionais da Educa\u00e7\u00e3o (<strong>Fundeb<\/strong>) deve ser&nbsp;votado&nbsp;nesta ter\u00e7a-feira (25) no Senado Federal. O&nbsp;recurso financia a educa\u00e7\u00e3o b\u00e1sica no Brasil, incluindo o sal\u00e1rio dos professores da rede p\u00fablica.<\/p>\n<p>Heleno Ara\u00fajo, presidente da Confedera\u00e7\u00e3o Nacional dos Trabalhadores em Educa\u00e7\u00e3o (CNTE),&nbsp;explica como os&nbsp;recursos devem ser&nbsp;destinados \u00e0 categoria.<\/p>\n<p>\u201cO novo Fundeb traz&nbsp;a perspectiva de manter o piso salarial do magist\u00e9rio e&nbsp;fala que no m\u00ednimo 70% do fundo ser\u00e1 destinado ao sal\u00e1rio do conjunto dos profissionais da educa\u00e7\u00e3o. Esse \u00e9 um elemento importante, mas ainda insuficiente para garantir o direito e a valoriza\u00e7\u00e3o desses profissionais. A Constitui\u00e7\u00e3o Federal diz que o piso salarial deve ser para o conjunto dos profissionais da educa\u00e7\u00e3o, ou seja, n\u00e3o apenas para os professores, mas para todos os profissionais da educa\u00e7\u00e3o, que \u00e9 o porteiro, a merendeira e os pr\u00f3prios professores&#8221;, aponta.<\/p>\n<p><strong>Confira reportagem em v\u00eddeo:<\/strong><\/p>\n<p><iframe loading=\"lazy\" src=\"https:\/\/www.youtube.com\/embed\/PQCG-JEyb38\" width=\"630\" height=\"320\" frameborder=\"0\" allowfullscreen=\"allowfullscreen\" data-mce-fragment=\"1\"><\/iframe><\/p>\n<p><em>Fonte:&nbsp;<strong>Brasil de Fato<\/strong><\/em><\/div>\n","protected":false},"excerpt":{"rendered":"<p>&nbsp; Data de publica\u00e7\u00e3o: 24 Ago 2020 &nbsp; Caso seja renovado, 70% do fundo ser\u00e1 destinado para os profissionais da<\/p>\n","protected":false},"author":1,"featured_media":8050,"comment_status":"open","ping_status":"open","sticky":false,"template":"","format":"standard","meta":{"colormag_page_container_layout":"default_layout","colormag_page_sidebar_layout":"default_layout","footnotes":""},"categories":[1],"tags":[],"class_list":["post-8049","post","type-post","status-publish","format-standard","has-post-thumbnail","hentry","category-sem-categoria"],"_links":{"self":[{"href":"https:\/\/fessp-esp.org.br\/index.php?rest_route=\/wp\/v2\/posts\/8049","targetHints":{"allow":["GET"]}}],"collection":[{"href":"https:\/\/fessp-esp.org.br\/index.php?rest_route=\/wp\/v2\/posts"}],"about":[{"href":"https:\/\/fessp-esp.org.br\/index.php?rest_route=\/wp\/v2\/types\/post"}],"author":[{"embeddable":true,"href":"https:\/\/fessp-esp.org.br\/index.php?rest_route=\/wp\/v2\/users\/1"}],"replies":[{"embeddable":true,"href":"https:\/\/fessp-esp.org.br\/index.php?rest_route=%2Fwp%2Fv2%2Fcomments&post=8049"}],"version-history":[{"count":1,"href":"https:\/\/fessp-esp.org.br\/index.php?rest_route=\/wp\/v2\/posts\/8049\/revisions"}],"predecessor-version":[{"id":8051,"href":"https:\/\/fessp-esp.org.br\/index.php?rest_route=\/wp\/v2\/posts\/8049\/revisions\/8051"}],"wp:featuredmedia":[{"embeddable":true,"href":"https:\/\/fessp-esp.org.br\/index.php?rest_route=\/wp\/v2\/media\/8050"}],"wp:attachment":[{"href":"https:\/\/fessp-esp.org.br\/index.php?rest_route=%2Fwp%2Fv2%2Fmedia&parent=8049"}],"wp:term":[{"taxonomy":"category","embeddable":true,"href":"https:\/\/fessp-esp.org.br\/index.php?rest_route=%2Fwp%2Fv2%2Fcategories&post=8049"},{"taxonomy":"post_tag","embeddable":true,"href":"https:\/\/fessp-esp.org.br\/index.php?rest_route=%2Fwp%2Fv2%2Ftags&post=8049"}],"curies":[{"name":"wp","href":"https:\/\/api.w.org\/{rel}","templated":true}]}}