{"id":8767,"date":"2021-06-22T17:12:03","date_gmt":"2021-06-22T20:12:03","guid":{"rendered":"http:\/\/comuniquefacil.com.br\/1\/?p=8767"},"modified":"2021-06-22T17:12:03","modified_gmt":"2021-06-22T20:12:03","slug":"mobilizacao-defende-aprovacao-do-pdl-22","status":"publish","type":"post","link":"https:\/\/fessp-esp.org.br\/?p=8767","title":{"rendered":"Mobiliza\u00e7\u00e3o defende aprova\u00e7\u00e3o do PDL 22"},"content":{"rendered":"<p><img loading=\"lazy\" decoding=\"async\" class=\"alignleft wp-image-8768 \" src=\"http:\/\/comuniquefacil.com.br\/1\/wp-content\/uploads\/2021\/06\/atdia23.jpg\" alt=\"\" width=\"504\" height=\"294\" srcset=\"https:\/\/fessp-esp.org.br\/wp-content\/uploads\/2021\/06\/atdia23.jpg 600w, https:\/\/fessp-esp.org.br\/wp-content\/uploads\/2021\/06\/atdia23-300x175.jpg 300w\" sizes=\"auto, (max-width: 504px) 100vw, 504px\" \/>Nesta&nbsp; quarta-feira, dia 23, a Fessp-Esp e outras entidades que comp\u00f5em a Frente Paulista em Defesa dos Servi\u00e7os P\u00fablicos promovem carreata com ato em defesa da vota\u00e7\u00e3o do PDL 22, que anula o confisco das aposentadorias e pens\u00f5es.<\/p>\n<p>O PDL est\u00e1 parado na Assembleia Legislativa e aguarda vota\u00e7\u00e3o. Os servidores defendem sua aprova\u00e7\u00e3o a fim de anular os eleitos do Decreto 65.021 de 2020, do governo Jo\u00e3o Doria, que instituiu contribui\u00e7\u00e3o sobre aposentadorias e pens\u00f5es.<\/p>\n<p>Lineu Mazano, presidente da Fessp-Esp, destaca: \u201cPrecisamos nos mobilizar neste sentido. \u00c9 fundamental que o PDL entre na pauta de vota\u00e7\u00e3o e que sensibilizemos os deputados para a import\u00e2ncia da sua vota\u00e7\u00e3o\u201d.<\/p>\n<p>Na avalia\u00e7\u00e3o do dirigente, \u00e9 uma injusti\u00e7a que servidores que tanto colaboraram para o pa\u00eds, sofram o confisco de parte de seu benef\u00edcio previdenci\u00e1rio. \u201cTemos feito Audi\u00eancia P\u00fablicas, lives, carreatas e twitta\u00e7os para denunciar a situa\u00e7\u00e3o. Em plena pandemia, o governo estadual tira dinheiro do bolso dos aposentados. \u00c9 um absurdo\u201d, lamenta Mazano.<\/p>\n<p><strong>PEC 32<\/strong> \u2013 Tamb\u00e9m nesta quarta-feira, 23, o Movimento Basta realiza mobiliza\u00e7\u00e3o contra a Proposta de Emenda Constitucional 32, a PEC da Reforma Administrativa. A Frente Paulista e a Fessp-Esp participam e apoiam o movimento, que re\u00fane centenas de entidades de servidores de todas as esferas e poderes, inclusive Confedera\u00e7\u00f5es do setor privado.<\/p>\n<p>\u201c\u00c9 importante todas as entidades se integrem a essa luta, que ser\u00e1 uma das maiores a n\u00edvel de integra\u00e7\u00e3o em todas as inst\u00e2ncias da representa\u00e7\u00e3o dos trabalhadores\u201d, ressalta Lineu Mazano.<\/p>\n","protected":false},"excerpt":{"rendered":"<p>Nesta&nbsp; quarta-feira, dia 23, a Fessp-Esp e outras entidades que comp\u00f5em a Frente Paulista em Defesa dos Servi\u00e7os P\u00fablicos promovem<\/p>\n","protected":false},"author":1,"featured_media":8768,"comment_status":"open","ping_status":"open","sticky":false,"template":"","format":"standard","meta":{"colormag_page_container_layout":"default_layout","colormag_page_sidebar_layout":"default_layout","footnotes":""},"categories":[1],"tags":[],"class_list":["post-8767","post","type-post","status-publish","format-standard","has-post-thumbnail","hentry","category-sem-categoria"],"_links":{"self":[{"href":"https:\/\/fessp-esp.org.br\/index.php?rest_route=\/wp\/v2\/posts\/8767","targetHints":{"allow":["GET"]}}],"collection":[{"href":"https:\/\/fessp-esp.org.br\/index.php?rest_route=\/wp\/v2\/posts"}],"about":[{"href":"https:\/\/fessp-esp.org.br\/index.php?rest_route=\/wp\/v2\/types\/post"}],"author":[{"embeddable":true,"href":"https:\/\/fessp-esp.org.br\/index.php?rest_route=\/wp\/v2\/users\/1"}],"replies":[{"embeddable":true,"href":"https:\/\/fessp-esp.org.br\/index.php?rest_route=%2Fwp%2Fv2%2Fcomments&post=8767"}],"version-history":[{"count":1,"href":"https:\/\/fessp-esp.org.br\/index.php?rest_route=\/wp\/v2\/posts\/8767\/revisions"}],"predecessor-version":[{"id":8769,"href":"https:\/\/fessp-esp.org.br\/index.php?rest_route=\/wp\/v2\/posts\/8767\/revisions\/8769"}],"wp:featuredmedia":[{"embeddable":true,"href":"https:\/\/fessp-esp.org.br\/index.php?rest_route=\/wp\/v2\/media\/8768"}],"wp:attachment":[{"href":"https:\/\/fessp-esp.org.br\/index.php?rest_route=%2Fwp%2Fv2%2Fmedia&parent=8767"}],"wp:term":[{"taxonomy":"category","embeddable":true,"href":"https:\/\/fessp-esp.org.br\/index.php?rest_route=%2Fwp%2Fv2%2Fcategories&post=8767"},{"taxonomy":"post_tag","embeddable":true,"href":"https:\/\/fessp-esp.org.br\/index.php?rest_route=%2Fwp%2Fv2%2Ftags&post=8767"}],"curies":[{"name":"wp","href":"https:\/\/api.w.org\/{rel}","templated":true}]}}