{"id":8814,"date":"2021-07-12T17:35:48","date_gmt":"2021-07-12T20:35:48","guid":{"rendered":"http:\/\/comuniquefacil.com.br\/1\/?p=8814"},"modified":"2021-07-12T17:38:54","modified_gmt":"2021-07-12T20:38:54","slug":"frente-paulista-define-agenda-de-acoes","status":"publish","type":"post","link":"https:\/\/fessp-esp.org.br\/?p=8814","title":{"rendered":"Frente Paulista define agenda de a\u00e7\u00f5es"},"content":{"rendered":"<p>As entidades que integram a Frente Paulista em Defesa dos Servi\u00e7os P\u00fablico se reuniram na manh\u00e3 desta segunda para definir a agenda de atividades para o pr\u00f3ximo per\u00edodo.<\/p>\n<p>Na pauta, a luta contra a PEC 32 (Reforma Administrativa), a\u00e7\u00f5es pela vota\u00e7\u00e3o do PDL 22, que anula o confisco de aposentadorias e pens\u00f5es, entre outras discuss\u00f5es.<\/p>\n<p>Diante dos enormes preju\u00edzos da Proposta de Emenda Constitucional 32\/2020, o F\u00f3rum dos Servidores P\u00fablicos das Centrais Sindicais promovem Encontro Nacional dos Trabalhadores do Setor P\u00fablico, dias 29 e 30 de julho, em formato virtual. O objetivo \u00e9 refor\u00e7ar a luta contra a fat\u00eddica PEC, que promove a destrui\u00e7\u00e3o do Estado brasileiro.<\/p>\n<p>As etapas preparat\u00f3rias ao Encontro envolvem a realiza\u00e7\u00e3o de lives, debates, plen\u00e1rias virtuais regionais e estaduais entre os dias 19 e 25. Na pr\u00f3xima quarta-feira \u00e0s 19h, uma live deve encaminhar os preparativos para a etapa nacional.<\/p>\n<p>\u201c\u00c9 fundamental que todos se engajem nessa luta contra essa PEC, que prejudica servidores e a popula\u00e7\u00e3o mais pobre, pois entrega a iniciativa privada setores fundamentais como sa\u00fade e educa\u00e7\u00e3o\u201d, alerta Lineu Mazano, presidente do Sispesp e da Fessp-Esp.<\/p>\n<p>Os sindicalistas tamb\u00e9m aprovaram a participa\u00e7\u00e3o na mobiliza\u00e7\u00e3o do pr\u00f3ximo dia 24 de julho em defesa do Aux\u00edlio Emergencial de R$ 600, em defesa do SUS, dos Servi\u00e7os p\u00fablicos e das Estatais. Servidores refor\u00e7ar\u00e3o a manifesta\u00e7\u00e3o com cartazes e faixas para denunciar os ataques dos governos contra a categoria.<\/p>\n<p>\u201cEm S\u00e3o Paulo o governo Doria tem promovido uma avalanche de ataques contra os trabalhadores do setor p\u00fablico, aposentados e pensionistas. N\u00e3o aceitaremos isso\u201d, garantiu Mazano.<\/p>\n","protected":false},"excerpt":{"rendered":"<p>As entidades que integram a Frente Paulista em Defesa dos Servi\u00e7os P\u00fablico se reuniram na manh\u00e3 desta segunda para definir<\/p>\n","protected":false},"author":1,"featured_media":8817,"comment_status":"open","ping_status":"open","sticky":false,"template":"","format":"standard","meta":{"colormag_page_container_layout":"default_layout","colormag_page_sidebar_layout":"default_layout","footnotes":""},"categories":[1],"tags":[],"class_list":["post-8814","post","type-post","status-publish","format-standard","has-post-thumbnail","hentry","category-sem-categoria"],"_links":{"self":[{"href":"https:\/\/fessp-esp.org.br\/index.php?rest_route=\/wp\/v2\/posts\/8814","targetHints":{"allow":["GET"]}}],"collection":[{"href":"https:\/\/fessp-esp.org.br\/index.php?rest_route=\/wp\/v2\/posts"}],"about":[{"href":"https:\/\/fessp-esp.org.br\/index.php?rest_route=\/wp\/v2\/types\/post"}],"author":[{"embeddable":true,"href":"https:\/\/fessp-esp.org.br\/index.php?rest_route=\/wp\/v2\/users\/1"}],"replies":[{"embeddable":true,"href":"https:\/\/fessp-esp.org.br\/index.php?rest_route=%2Fwp%2Fv2%2Fcomments&post=8814"}],"version-history":[{"count":1,"href":"https:\/\/fessp-esp.org.br\/index.php?rest_route=\/wp\/v2\/posts\/8814\/revisions"}],"predecessor-version":[{"id":8816,"href":"https:\/\/fessp-esp.org.br\/index.php?rest_route=\/wp\/v2\/posts\/8814\/revisions\/8816"}],"wp:featuredmedia":[{"embeddable":true,"href":"https:\/\/fessp-esp.org.br\/index.php?rest_route=\/wp\/v2\/media\/8817"}],"wp:attachment":[{"href":"https:\/\/fessp-esp.org.br\/index.php?rest_route=%2Fwp%2Fv2%2Fmedia&parent=8814"}],"wp:term":[{"taxonomy":"category","embeddable":true,"href":"https:\/\/fessp-esp.org.br\/index.php?rest_route=%2Fwp%2Fv2%2Fcategories&post=8814"},{"taxonomy":"post_tag","embeddable":true,"href":"https:\/\/fessp-esp.org.br\/index.php?rest_route=%2Fwp%2Fv2%2Ftags&post=8814"}],"curies":[{"name":"wp","href":"https:\/\/api.w.org\/{rel}","templated":true}]}}