{"id":8819,"date":"2021-07-15T11:19:39","date_gmt":"2021-07-15T14:19:39","guid":{"rendered":"http:\/\/comuniquefacil.com.br\/1\/?p=8819"},"modified":"2021-07-15T15:10:09","modified_gmt":"2021-07-15T18:10:09","slug":"a-luta-contra-a-reforma-administrativa-vai-colocar-o-bloco-na-rua","status":"publish","type":"post","link":"https:\/\/fessp-esp.org.br\/?p=8819","title":{"rendered":"A luta contra a Reforma Administrativa vai colocar o bloco na rua"},"content":{"rendered":"<p><img loading=\"lazy\" decoding=\"async\" class=\"wp-image-8821 alignleft\" src=\"http:\/\/comuniquefacil.com.br\/1\/wp-content\/uploads\/2021\/07\/LIVE-ENCONTRO-SERVIDORES-interna.jpg\" alt=\"\" width=\"358\" height=\"359\" srcset=\"https:\/\/fessp-esp.org.br\/wp-content\/uploads\/2021\/07\/LIVE-ENCONTRO-SERVIDORES-interna.jpg 1022w, https:\/\/fessp-esp.org.br\/wp-content\/uploads\/2021\/07\/LIVE-ENCONTRO-SERVIDORES-interna-300x300.jpg 300w, https:\/\/fessp-esp.org.br\/wp-content\/uploads\/2021\/07\/LIVE-ENCONTRO-SERVIDORES-interna-150x150.jpg 150w, https:\/\/fessp-esp.org.br\/wp-content\/uploads\/2021\/07\/LIVE-ENCONTRO-SERVIDORES-interna-768x768.jpg 768w, https:\/\/fessp-esp.org.br\/wp-content\/uploads\/2021\/07\/LIVE-ENCONTRO-SERVIDORES-interna-400x400.jpg 400w\" sizes=\"auto, (max-width: 358px) 100vw, 358px\" \/><\/p>\n<p>O F\u00f3rum dos Servidores P\u00fablicos das Centrais Sindicais realiza nesta sexta-feira (16), \u00e0s 19 horas, live de prepara\u00e7\u00e3o para o Encontro Nacional dos Trabalhadores e Trabalhadoras do Setor P\u00fablico.<\/p>\n<p>A atividade ser\u00e1 transmitida pelo YouTube, no canal \u201cContra a PEC 32\u201d, e vai iniciar a campanha de mobiliza\u00e7\u00e3o contra a Reforma Administrativa de Bolsonaro e Paulo Guedes.<\/p>\n<p>O objetivo do evento \u00e9 mobilizar os servidores municipais, estaduais e federais em todo o Brasil, bem como a popula\u00e7\u00e3o, para defender os servi\u00e7os p\u00fablicos e impedir a PEC 32.<\/p>\n<p>O Encontro Nacional ser\u00e1 realizado nos dias 29 e 30 de julho, de forma virtual, e est\u00e1 sendo convocado pelas centrais sindicais e por entidades que representam o funcionalismo.<\/p>\n<p>\u201c\u00c9 fundamental que todos se engajem nessa luta contra essa PEC, que prejudica servidores e a popula\u00e7\u00e3o mais pobre, pois entrega a iniciativa privada setores fundamentais como sa\u00fade e educa\u00e7\u00e3o\u201d, alerta Lineu Mazano, presidente do Sispesp e da Fessp-Esp.<\/p>\n<p>Acesse o site www.contrapec32.com.br, conhe\u00e7a a campanha e saiba mais sobre o evento.<\/p>\n<p>Clique <strong><a href=\"https:\/\/bit.ly\/youtube_contrapec32\">AQUI<\/a> <\/strong>e assista \u00e0 LIVE.<\/p>\n","protected":false},"excerpt":{"rendered":"<p>O F\u00f3rum dos Servidores P\u00fablicos das Centrais Sindicais realiza nesta sexta-feira (16), \u00e0s 19 horas, live de prepara\u00e7\u00e3o para o<\/p>\n","protected":false},"author":1,"featured_media":8820,"comment_status":"open","ping_status":"open","sticky":false,"template":"","format":"standard","meta":{"colormag_page_container_layout":"default_layout","colormag_page_sidebar_layout":"default_layout","footnotes":""},"categories":[1],"tags":[],"class_list":["post-8819","post","type-post","status-publish","format-standard","has-post-thumbnail","hentry","category-sem-categoria"],"_links":{"self":[{"href":"https:\/\/fessp-esp.org.br\/index.php?rest_route=\/wp\/v2\/posts\/8819","targetHints":{"allow":["GET"]}}],"collection":[{"href":"https:\/\/fessp-esp.org.br\/index.php?rest_route=\/wp\/v2\/posts"}],"about":[{"href":"https:\/\/fessp-esp.org.br\/index.php?rest_route=\/wp\/v2\/types\/post"}],"author":[{"embeddable":true,"href":"https:\/\/fessp-esp.org.br\/index.php?rest_route=\/wp\/v2\/users\/1"}],"replies":[{"embeddable":true,"href":"https:\/\/fessp-esp.org.br\/index.php?rest_route=%2Fwp%2Fv2%2Fcomments&post=8819"}],"version-history":[{"count":3,"href":"https:\/\/fessp-esp.org.br\/index.php?rest_route=\/wp\/v2\/posts\/8819\/revisions"}],"predecessor-version":[{"id":8824,"href":"https:\/\/fessp-esp.org.br\/index.php?rest_route=\/wp\/v2\/posts\/8819\/revisions\/8824"}],"wp:featuredmedia":[{"embeddable":true,"href":"https:\/\/fessp-esp.org.br\/index.php?rest_route=\/wp\/v2\/media\/8820"}],"wp:attachment":[{"href":"https:\/\/fessp-esp.org.br\/index.php?rest_route=%2Fwp%2Fv2%2Fmedia&parent=8819"}],"wp:term":[{"taxonomy":"category","embeddable":true,"href":"https:\/\/fessp-esp.org.br\/index.php?rest_route=%2Fwp%2Fv2%2Fcategories&post=8819"},{"taxonomy":"post_tag","embeddable":true,"href":"https:\/\/fessp-esp.org.br\/index.php?rest_route=%2Fwp%2Fv2%2Ftags&post=8819"}],"curies":[{"name":"wp","href":"https:\/\/api.w.org\/{rel}","templated":true}]}}