{"id":8967,"date":"2021-09-09T14:53:17","date_gmt":"2021-09-09T17:53:17","guid":{"rendered":"http:\/\/comuniquefacil.com.br\/1\/?p=8967"},"modified":"2021-11-05T09:15:02","modified_gmt":"2021-11-05T12:15:02","slug":"hoje-tem-audiencia-publica-em-tupa-contra-a-pec-32-participe","status":"publish","type":"post","link":"https:\/\/fessp-esp.org.br\/?p=8967","title":{"rendered":"Hoje tem Audi\u00eancia P\u00fablica em Tup\u00e3 contra a PEC 32. Participe!"},"content":{"rendered":"<p><img loading=\"lazy\" decoding=\"async\" class=\"size-full wp-image-8968 aligncenter\" src=\"http:\/\/comuniquefacil.com.br\/1\/wp-content\/uploads\/2021\/09\/ato-tupa.jpg\" alt=\"\" width=\"976\" height=\"325\" srcset=\"https:\/\/fessp-esp.org.br\/wp-content\/uploads\/2021\/09\/ato-tupa.jpg 976w, https:\/\/fessp-esp.org.br\/wp-content\/uploads\/2021\/09\/ato-tupa-300x100.jpg 300w, https:\/\/fessp-esp.org.br\/wp-content\/uploads\/2021\/09\/ato-tupa-768x256.jpg 768w\" sizes=\"auto, (max-width: 976px) 100vw, 976px\" \/><\/p>\n<p>A Fessp-Esp participa hoje (9), a partir das 19h, de Ato P\u00fablico na cidade de Tup\u00e3 (SP) contra a PEC 32. A atividade ser\u00e1 realizada no Clube dos Comerci\u00e1rios da cidade e visa abordar a reforma administrativa estabelecida pela PEC 32 e seus impactos sobre a educa\u00e7\u00e3o brasileira e os servidores p\u00fablicos.<\/p>\n<p>O evento conta com o apoio da CSPB (Confedera\u00e7\u00e3o dos Servidores P\u00fablicos do Brasil); UGT (Uni\u00e3o Geral dos Trabalhadores); NCST (Nova Central), Sispesp (Sindicato dos Servidores P\u00fablicos do Estado de SP) e (Sindicato Uni\u00e3o do Judici\u00e1rio) e ser\u00e1 realizado pela plataforma Zoom e transmitido pelas redes sociais dos sindicatos e entidades.<\/p>\n<p>Lineu Mazano, presidente da Fessp-esp ser\u00e1 um dos convidados. Ele alerta que se a reforma for aprovada do jeito que est\u00e1 na Proposta de Emenda Constitucional, o pa\u00eds ter\u00e1 um preju\u00edzo incalcul\u00e1vel.<\/p>\n<p>\u201cN\u00e3o e uma luta s\u00f3 dos servidores, mas de toda a sociedade que ser\u00e1 prejudicada com o desmonte dos servi\u00e7os p\u00fablicos e a destrui\u00e7\u00e3o de todo o sistema de prote\u00e7\u00e3o social. Portanto, participe\u201d, convida.<\/p>\n<p>Acesse <a href=\"https:\/\/www.facebook.com\/Fessp.Esp\">aqui<\/a> e acompanhe a Audi\u00eancia P\u00fablica<\/p>\n","protected":false},"excerpt":{"rendered":"<p>A Fessp-Esp participa hoje (9), a partir das 19h, de Ato P\u00fablico na cidade de Tup\u00e3 (SP) contra a PEC<\/p>\n","protected":false},"author":1,"featured_media":8969,"comment_status":"open","ping_status":"open","sticky":false,"template":"","format":"standard","meta":{"colormag_page_container_layout":"default_layout","colormag_page_sidebar_layout":"default_layout","footnotes":""},"categories":[1],"tags":[],"class_list":["post-8967","post","type-post","status-publish","format-standard","has-post-thumbnail","hentry","category-sem-categoria"],"_links":{"self":[{"href":"https:\/\/fessp-esp.org.br\/index.php?rest_route=\/wp\/v2\/posts\/8967","targetHints":{"allow":["GET"]}}],"collection":[{"href":"https:\/\/fessp-esp.org.br\/index.php?rest_route=\/wp\/v2\/posts"}],"about":[{"href":"https:\/\/fessp-esp.org.br\/index.php?rest_route=\/wp\/v2\/types\/post"}],"author":[{"embeddable":true,"href":"https:\/\/fessp-esp.org.br\/index.php?rest_route=\/wp\/v2\/users\/1"}],"replies":[{"embeddable":true,"href":"https:\/\/fessp-esp.org.br\/index.php?rest_route=%2Fwp%2Fv2%2Fcomments&post=8967"}],"version-history":[{"count":1,"href":"https:\/\/fessp-esp.org.br\/index.php?rest_route=\/wp\/v2\/posts\/8967\/revisions"}],"predecessor-version":[{"id":8970,"href":"https:\/\/fessp-esp.org.br\/index.php?rest_route=\/wp\/v2\/posts\/8967\/revisions\/8970"}],"wp:featuredmedia":[{"embeddable":true,"href":"https:\/\/fessp-esp.org.br\/index.php?rest_route=\/wp\/v2\/media\/8969"}],"wp:attachment":[{"href":"https:\/\/fessp-esp.org.br\/index.php?rest_route=%2Fwp%2Fv2%2Fmedia&parent=8967"}],"wp:term":[{"taxonomy":"category","embeddable":true,"href":"https:\/\/fessp-esp.org.br\/index.php?rest_route=%2Fwp%2Fv2%2Fcategories&post=8967"},{"taxonomy":"post_tag","embeddable":true,"href":"https:\/\/fessp-esp.org.br\/index.php?rest_route=%2Fwp%2Fv2%2Ftags&post=8967"}],"curies":[{"name":"wp","href":"https:\/\/api.w.org\/{rel}","templated":true}]}}