{"id":9021,"date":"2021-10-04T12:23:13","date_gmt":"2021-10-04T15:23:13","guid":{"rendered":"http:\/\/comuniquefacil.com.br\/1\/?p=9021"},"modified":"2021-11-05T09:15:02","modified_gmt":"2021-11-05T12:15:02","slug":"fausto-do-dieese-aponta-retrocessos-mantidos-da-pec-32","status":"publish","type":"post","link":"https:\/\/fessp-esp.org.br\/?p=9021","title":{"rendered":"Fausto do Dieese aponta retrocessos mantidos da PEC 32"},"content":{"rendered":"<header class=\"g-mb-30\">\n<h2 class=\"h1 g-mb-15\"><img decoding=\"async\" style=\"font-size: 16px;\" src=\"https:\/\/www.adm.sispesp.org.br\/\/images\/Site\/lineu-adriana.jpg\" alt=\"\"><\/h2>\n<\/header>\n<div class=\"g-font-size-16 g-line-height-1_8 g-mb-30\">\n<p style=\"text-align: center;\"><em>Adriana e Lineu dividiram o comando da live<\/em><\/p>\n<p>Servidores de todo o Brasil continuam mobilizados contra a aprova\u00e7\u00e3o da Proposta de Emenda \u00e0 Constitui\u00e7\u00e3o 32 de 2021, a PEC da Reforma Administrativa, no Congresso Nacional. Na agenda de a\u00e7\u00f5es est\u00e3o vig\u00edlias em Bras\u00edlia, twita\u00e7os e lives.<\/p>\n<p>Na \u00faltima segunda-feira, dia 27, sindicalistas do F\u00f3rum dos Servidores P\u00fablicos na s Centrais Sindicais realizaram uma live com Fausto Augusto Junior, diretor t\u00e9cnico do Dieese.<\/p>\n<p>Lineu Mazano presidente da Fessp-Esp e dirigente da Conlutas, Adriana Stella Secretaria Nacional da CSP-Conlutas, coordenaram a atividade, que apresentou informa\u00e7\u00f5es relacionadas ao conjunto de retrocessos que permanecem no texto PEC 32.<\/p>\n<p>Em sua exposi\u00e7\u00e3o, Faustou Augusto alertou para as tentativas do governo de desarticular as categorias separando \u201cas t\u00edpicas de Estado\u201d das demais atividades fundamentais ao cidad\u00e3o contribuinte. \u201cA resist\u00eancia dos servidores conseguiu reverter v\u00e1rios votos. O governo s\u00f3 conseguiu aprovar por que substituiu membros da comiss\u00e3o que sequer participaram do debate\u201d, afirmou Fausto.<\/p>\n<p>\u201cO que est\u00e1 por traz de toda essa discuss\u00e3o \u00e9 um processo de privatiza\u00e7\u00e3o e terceiriza\u00e7\u00e3o colocar a iniciativa privada com primazia sobre a administra\u00e7\u00e3o p\u00fablica\u201d, alerta.<\/p>\n<p>O texto do relat\u00f3rio aprovado na Comiss\u00e3o Especial, avalia, est\u00e1 ainda pior, uma vez que ele sofisticou-se nas armadilhas que visam confundir os trabalhadores do setor p\u00fablico e o cidad\u00e3o mais desatento, que ainda n\u00e3o conhecem a dimens\u00e3o total dos preju\u00edzos que se acumulam no texto da \u201creforma\u201d.<\/p>\n<p>Lineu Mazano, que tamb\u00e9m \u00e9 secret\u00e1rio do Plano do servidor P\u00fablico da NCST, refor\u00e7a que a press\u00e3o pol\u00edtica \u00e9 o caminho mais eficaz para proteger os servi\u00e7os p\u00fablicos.<\/p>\n<p>\u201cToda segunda-feira vamos fazer uma live \u00e0s 18 horas para tratar do tema. Tamb\u00e9m vamos continuar com audi\u00eancias p\u00fablicas, twita\u00e7os, atos e vig\u00edlias nos aeroportos e no Congresso Nacional. Tudo tem sido transmitido pela p\u00e1gina Contra PEC 32 e repercutido nas redes sociais das entidades. Vamos continuar lutando pra conquistar mais um deputado e avan\u00e7ar nessa campanha contra a Reforma Administrativa\u201d, afirma.<\/p>\n<\/div>\n<p style=\"text-align: center;\"><iframe loading=\"lazy\" title=\"YouTube video player\" src=\"https:\/\/www.youtube.com\/embed\/7wkR5OqIiJI\" width=\"644\" height=\"362\" frameborder=\"0\" allowfullscreen=\"allowfullscreen\"><\/iframe><\/p>\n","protected":false},"excerpt":{"rendered":"<p>Adriana e Lineu dividiram o comando da live Servidores de todo o Brasil continuam mobilizados contra a aprova\u00e7\u00e3o da Proposta<\/p>\n","protected":false},"author":1,"featured_media":9027,"comment_status":"open","ping_status":"open","sticky":false,"template":"","format":"standard","meta":{"colormag_page_container_layout":"default_layout","colormag_page_sidebar_layout":"default_layout","footnotes":""},"categories":[1],"tags":[],"class_list":["post-9021","post","type-post","status-publish","format-standard","has-post-thumbnail","hentry","category-sem-categoria"],"_links":{"self":[{"href":"https:\/\/fessp-esp.org.br\/index.php?rest_route=\/wp\/v2\/posts\/9021","targetHints":{"allow":["GET"]}}],"collection":[{"href":"https:\/\/fessp-esp.org.br\/index.php?rest_route=\/wp\/v2\/posts"}],"about":[{"href":"https:\/\/fessp-esp.org.br\/index.php?rest_route=\/wp\/v2\/types\/post"}],"author":[{"embeddable":true,"href":"https:\/\/fessp-esp.org.br\/index.php?rest_route=\/wp\/v2\/users\/1"}],"replies":[{"embeddable":true,"href":"https:\/\/fessp-esp.org.br\/index.php?rest_route=%2Fwp%2Fv2%2Fcomments&post=9021"}],"version-history":[{"count":3,"href":"https:\/\/fessp-esp.org.br\/index.php?rest_route=\/wp\/v2\/posts\/9021\/revisions"}],"predecessor-version":[{"id":9028,"href":"https:\/\/fessp-esp.org.br\/index.php?rest_route=\/wp\/v2\/posts\/9021\/revisions\/9028"}],"wp:featuredmedia":[{"embeddable":true,"href":"https:\/\/fessp-esp.org.br\/index.php?rest_route=\/wp\/v2\/media\/9027"}],"wp:attachment":[{"href":"https:\/\/fessp-esp.org.br\/index.php?rest_route=%2Fwp%2Fv2%2Fmedia&parent=9021"}],"wp:term":[{"taxonomy":"category","embeddable":true,"href":"https:\/\/fessp-esp.org.br\/index.php?rest_route=%2Fwp%2Fv2%2Fcategories&post=9021"},{"taxonomy":"post_tag","embeddable":true,"href":"https:\/\/fessp-esp.org.br\/index.php?rest_route=%2Fwp%2Fv2%2Ftags&post=9021"}],"curies":[{"name":"wp","href":"https:\/\/api.w.org\/{rel}","templated":true}]}}