{"id":9208,"date":"2021-11-05T16:03:23","date_gmt":"2021-11-05T19:03:23","guid":{"rendered":"http:\/\/comuniquefacil.com.br\/1\/?p=9208"},"modified":"2021-11-05T16:04:57","modified_gmt":"2021-11-05T19:04:57","slug":"9208-2","status":"publish","type":"post","link":"https:\/\/fessp-esp.org.br\/?p=9208","title":{"rendered":"ACD promove minicurso sobre financiamento do Estado"},"content":{"rendered":"<p><img loading=\"lazy\" decoding=\"async\" class=\"alignleft  wp-image-9209\" src=\"http:\/\/comuniquefacil.com.br\/1\/wp-content\/uploads\/2021\/11\/minicurso-1.png\" alt=\"\" width=\"405\" height=\"405\" srcset=\"https:\/\/fessp-esp.org.br\/wp-content\/uploads\/2021\/11\/minicurso-1.png 523w, https:\/\/fessp-esp.org.br\/wp-content\/uploads\/2021\/11\/minicurso-1-300x300.png 300w, https:\/\/fessp-esp.org.br\/wp-content\/uploads\/2021\/11\/minicurso-1-150x150.png 150w, https:\/\/fessp-esp.org.br\/wp-content\/uploads\/2021\/11\/minicurso-1-400x400.png 400w\" sizes=\"auto, (max-width: 405px) 100vw, 405px\" \/>A Auditoria Cidad\u00e3 da D\u00edvida (ACD) convida a todos e todas a participarem, entre os dias 9 e 11 de novembro, do minicurso curso &#8220;QUEM FINANCIA O ESTADO E QUEM SE BENEFICIA COM O GASTO P\u00daBLICO&#8221;. O evento \u00e9 gratuito e d\u00e1 direito a certificado. As inscri\u00e7\u00f5es est\u00e3o abertas. Clique <strong><a href=\"https:\/\/bit.ly\/31zPVDv\">aqui<\/a><\/strong> e preencha a ficha.<\/p>\n<p>O estudo foi realizado pelo Observat\u00f3rio de Finan\u00e7as e Economia de Francisco e Clara da Comiss\u00e3o Brasileira Justi\u00e7a e Paz (CBJP), coordenado por Maria Lucia Fattorelli e contou com a participa\u00e7\u00e3o de dezenas de estudiosos e professores(as), dentre os quais os que ir\u00e3o apresentar ministrar o minicurso, conforme informa\u00e7\u00f5es dispon\u00edveis no link da inscri\u00e7\u00e3o.<\/p>\n<p>O minicurso conta com o apoio da CBJP, Associa\u00e7\u00e3o Brasileira pela Economia de Francisco e Clara (ABEFC), 6\u00aa Semana Social Brasileira e do coletivo Vida e Juventude, juntamente com a C\u00e1tedra da Unesco na PUC de Bras\u00edlia, que certificar\u00e1 o evento.<\/p>\n<p>Participe e ajude a divulgar essa importante iniciativa que visa contribuir para a constru\u00e7\u00e3o de novo modelo econ\u00f4mico, que ter\u00e1 o desafio de enfrentar os pilares que sustentam o modelo atual (o modelo tribut\u00e1rio regressivo; a pol\u00edtica monet\u00e1ria suicida praticada pelo Banco Central; o Sistema da D\u00edvida, e o modelo de explora\u00e7\u00e3o extrativista irrespons\u00e1vel para com as pessoas e o ambiente), de tal forma que a explora\u00e7\u00e3o e a desigualdade vivenciadas no pa\u00eds d\u00ea lugar \u00e0 justi\u00e7a e \u00e0 garantia de vida digna, em todos os seus aspectos e \u00e2mbitos.<\/p>\n","protected":false},"excerpt":{"rendered":"<p>A Auditoria Cidad\u00e3 da D\u00edvida (ACD) convida a todos e todas a participarem, entre os dias 9 e 11 de<\/p>\n","protected":false},"author":1,"featured_media":9210,"comment_status":"open","ping_status":"open","sticky":false,"template":"","format":"standard","meta":{"colormag_page_container_layout":"default_layout","colormag_page_sidebar_layout":"default_layout","footnotes":""},"categories":[1],"tags":[],"class_list":["post-9208","post","type-post","status-publish","format-standard","has-post-thumbnail","hentry","category-sem-categoria"],"_links":{"self":[{"href":"https:\/\/fessp-esp.org.br\/index.php?rest_route=\/wp\/v2\/posts\/9208","targetHints":{"allow":["GET"]}}],"collection":[{"href":"https:\/\/fessp-esp.org.br\/index.php?rest_route=\/wp\/v2\/posts"}],"about":[{"href":"https:\/\/fessp-esp.org.br\/index.php?rest_route=\/wp\/v2\/types\/post"}],"author":[{"embeddable":true,"href":"https:\/\/fessp-esp.org.br\/index.php?rest_route=\/wp\/v2\/users\/1"}],"replies":[{"embeddable":true,"href":"https:\/\/fessp-esp.org.br\/index.php?rest_route=%2Fwp%2Fv2%2Fcomments&post=9208"}],"version-history":[{"count":4,"href":"https:\/\/fessp-esp.org.br\/index.php?rest_route=\/wp\/v2\/posts\/9208\/revisions"}],"predecessor-version":[{"id":9214,"href":"https:\/\/fessp-esp.org.br\/index.php?rest_route=\/wp\/v2\/posts\/9208\/revisions\/9214"}],"wp:featuredmedia":[{"embeddable":true,"href":"https:\/\/fessp-esp.org.br\/index.php?rest_route=\/wp\/v2\/media\/9210"}],"wp:attachment":[{"href":"https:\/\/fessp-esp.org.br\/index.php?rest_route=%2Fwp%2Fv2%2Fmedia&parent=9208"}],"wp:term":[{"taxonomy":"category","embeddable":true,"href":"https:\/\/fessp-esp.org.br\/index.php?rest_route=%2Fwp%2Fv2%2Fcategories&post=9208"},{"taxonomy":"post_tag","embeddable":true,"href":"https:\/\/fessp-esp.org.br\/index.php?rest_route=%2Fwp%2Fv2%2Ftags&post=9208"}],"curies":[{"name":"wp","href":"https:\/\/api.w.org\/{rel}","templated":true}]}}