{"id":9763,"date":"2024-07-25T12:35:17","date_gmt":"2024-07-25T15:35:17","guid":{"rendered":"https:\/\/fessp-esp.org.br\/?p=9763"},"modified":"2024-07-25T12:35:17","modified_gmt":"2024-07-25T15:35:17","slug":"fessp-esp-celebra-o-dia-da-mulher-negra-latino-americana-e-caribenha","status":"publish","type":"post","link":"https:\/\/fessp-esp.org.br\/?p=9763","title":{"rendered":"Fessp-Esp celebra o Dia da Mulher Negra, Latino-Americana e Caribenha"},"content":{"rendered":"\n<figure class=\"wp-block-image aligncenter size-large is-resized\"><img loading=\"lazy\" decoding=\"async\" width=\"1024\" height=\"576\" src=\"https:\/\/fessp-esp.org.br\/wp-content\/uploads\/2024\/07\/mulher-negra-latino-caribenha-fessp-esp-1024x576.png\" alt=\"\" class=\"wp-image-9764\" style=\"width:718px;height:auto\" srcset=\"https:\/\/fessp-esp.org.br\/wp-content\/uploads\/2024\/07\/mulher-negra-latino-caribenha-fessp-esp-1024x576.png 1024w, https:\/\/fessp-esp.org.br\/wp-content\/uploads\/2024\/07\/mulher-negra-latino-caribenha-fessp-esp-300x169.png 300w, https:\/\/fessp-esp.org.br\/wp-content\/uploads\/2024\/07\/mulher-negra-latino-caribenha-fessp-esp-768x432.png 768w, https:\/\/fessp-esp.org.br\/wp-content\/uploads\/2024\/07\/mulher-negra-latino-caribenha-fessp-esp-1536x864.png 1536w, https:\/\/fessp-esp.org.br\/wp-content\/uploads\/2024\/07\/mulher-negra-latino-caribenha-fessp-esp.png 1920w\" sizes=\"auto, (max-width: 1024px) 100vw, 1024px\" \/><\/figure>\n\n\n\n<p>No dia 25 de julho \u00e9 celebrado internacionalmente o Dia da Mulher Negra, Latino-Americana e Caribenha. A data remonta \u00e0 for\u00e7a, resili\u00eancia e contribui\u00e7\u00f5es significativas destas mulheres para a sociedade.<\/p>\n\n\n\n<p>Esta comemora\u00e7\u00e3o \u00e9 feita nesta data, pois, na d\u00e9cada de 1990, mulheres de diversas Na\u00e7\u00f5es se reuniram na Capital da Rep\u00fablica Dominicana, Santo Domingo. Foi o primeiro encontro de Mulheres Afro-Latinas e Afro-Caribenhas. A reuni\u00e3o foi um evento hist\u00f3rico e um marco na luta por igualdade, justi\u00e7a e reconhecimento das contribui\u00e7\u00f5es destas mulheres para o mundo.<\/p>\n\n\n\n<p>No Brasil, a principal representante deste movimento \u00e9 Tereza de Benguela, que liderou o Quilombo de Quariter\u00ea, na regi\u00e3o do Estado do Mato Grosso, no S\u00e9culo XVIII.<\/p>\n\n\n\n<p>Sob o comando de Tereza, o Quilombo de Quariter\u00ea resistiu por mais de duas d\u00e9cadas e prosperou, tornando-se uma comunidade aut\u00f4noma e autossustent\u00e1vel. O legado dela \u00e9 um marco pela resist\u00eancia contra a opress\u00e3o e pela luta por liberdade e igualdade.<\/p>\n\n\n\n<p>O Dia da Mulher Negra, Latino-Americana e Caribenha n\u00e3o \u00e9 apenas em 25 de julho, mas diariamente, empunhando as principais armas que esta luta pede: os livros.<\/p>\n\n\n\n<p>Sob a \u00f3tica de \u00edcones como Nina Simone, Concei\u00e7\u00e3o Evaristo, Angela Davis e outras, \u00e9 poss\u00edvel elaborar estrat\u00e9gias de combate ao machismo, ao sexismo, ao racismo e toda forma de preconceito contra as mulheres.<\/p>\n\n\n\n<p>A Federa\u00e7\u00e3o celebra esta data e sa\u00fada todas as mulheres negras, latino-americanas, caribenhas, com disposi\u00e7\u00e3o de luta, que contribuem para um mundo melhor e que est\u00e3o, diariamente, nas trincheiras da guerra contra o preconceito.<\/p>\n\n\n\n<p><em><strong>Fontes de pesquisa:<\/strong> <a href=\"https:\/\/sin.ufg.br\/n\/172061-25-de-julho-dia-da-mulher-negra-latina-e-caribenha\">Secretaria de Inclus\u00e3o da Universidade Federal de Goi\u00e1s<\/a>; <a href=\"https:\/\/www.cnnbrasil.com.br\/blogs\/basilia-rodrigues\/politica\/25-de-julho-mulheres-negras-e-suas-referencias\/\">CNN<\/a>.<\/em><\/p>\n","protected":false},"excerpt":{"rendered":"<p>No dia 25 de julho \u00e9 celebrado internacionalmente o Dia da Mulher Negra, Latino-Americana e Caribenha. A data remonta \u00e0<\/p>\n","protected":false},"author":3,"featured_media":9764,"comment_status":"open","ping_status":"open","sticky":false,"template":"","format":"standard","meta":{"colormag_page_container_layout":"default_layout","colormag_page_sidebar_layout":"default_layout","footnotes":""},"categories":[21,1],"tags":[],"class_list":["post-9763","post","type-post","status-publish","format-standard","has-post-thumbnail","hentry","category-mulher","category-sem-categoria"],"_links":{"self":[{"href":"https:\/\/fessp-esp.org.br\/index.php?rest_route=\/wp\/v2\/posts\/9763","targetHints":{"allow":["GET"]}}],"collection":[{"href":"https:\/\/fessp-esp.org.br\/index.php?rest_route=\/wp\/v2\/posts"}],"about":[{"href":"https:\/\/fessp-esp.org.br\/index.php?rest_route=\/wp\/v2\/types\/post"}],"author":[{"embeddable":true,"href":"https:\/\/fessp-esp.org.br\/index.php?rest_route=\/wp\/v2\/users\/3"}],"replies":[{"embeddable":true,"href":"https:\/\/fessp-esp.org.br\/index.php?rest_route=%2Fwp%2Fv2%2Fcomments&post=9763"}],"version-history":[{"count":1,"href":"https:\/\/fessp-esp.org.br\/index.php?rest_route=\/wp\/v2\/posts\/9763\/revisions"}],"predecessor-version":[{"id":9765,"href":"https:\/\/fessp-esp.org.br\/index.php?rest_route=\/wp\/v2\/posts\/9763\/revisions\/9765"}],"wp:featuredmedia":[{"embeddable":true,"href":"https:\/\/fessp-esp.org.br\/index.php?rest_route=\/wp\/v2\/media\/9764"}],"wp:attachment":[{"href":"https:\/\/fessp-esp.org.br\/index.php?rest_route=%2Fwp%2Fv2%2Fmedia&parent=9763"}],"wp:term":[{"taxonomy":"category","embeddable":true,"href":"https:\/\/fessp-esp.org.br\/index.php?rest_route=%2Fwp%2Fv2%2Fcategories&post=9763"},{"taxonomy":"post_tag","embeddable":true,"href":"https:\/\/fessp-esp.org.br\/index.php?rest_route=%2Fwp%2Fv2%2Ftags&post=9763"}],"curies":[{"name":"wp","href":"https:\/\/api.w.org\/{rel}","templated":true}]}}