{"id":9794,"date":"2024-08-21T13:50:55","date_gmt":"2024-08-21T16:50:55","guid":{"rendered":"https:\/\/fessp-esp.org.br\/?p=9794"},"modified":"2024-08-21T13:50:56","modified_gmt":"2024-08-21T16:50:56","slug":"programacao-do-1o-simposio-de-combate-ao-assedio-esta-no-ar","status":"publish","type":"post","link":"https:\/\/fessp-esp.org.br\/?p=9794","title":{"rendered":"Programa\u00e7\u00e3o do 1\u00ba Simp\u00f3sio de Combate ao Ass\u00e9dio est\u00e1 no ar"},"content":{"rendered":"\n<figure class=\"wp-block-image aligncenter size-large is-resized\"><img loading=\"lazy\" decoding=\"async\" width=\"1024\" height=\"365\" src=\"https:\/\/fessp-esp.org.br\/wp-content\/uploads\/2024\/08\/Programacao-1-Simposio-Fessp-Esp-e1724258905358-1024x365.png\" alt=\"\" class=\"wp-image-9795\" style=\"width:844px;height:auto\" srcset=\"https:\/\/fessp-esp.org.br\/wp-content\/uploads\/2024\/08\/Programacao-1-Simposio-Fessp-Esp-e1724258905358-1024x365.png 1024w, https:\/\/fessp-esp.org.br\/wp-content\/uploads\/2024\/08\/Programacao-1-Simposio-Fessp-Esp-e1724258905358-300x107.png 300w, https:\/\/fessp-esp.org.br\/wp-content\/uploads\/2024\/08\/Programacao-1-Simposio-Fessp-Esp-e1724258905358-768x273.png 768w, https:\/\/fessp-esp.org.br\/wp-content\/uploads\/2024\/08\/Programacao-1-Simposio-Fessp-Esp-e1724258905358.png 1413w\" sizes=\"auto, (max-width: 1024px) 100vw, 1024px\" \/><\/figure>\n\n\n\n<p>Est\u00e1 no ar a programa\u00e7\u00e3o oficial do 1\u00ba Simp\u00f3sio sobre Combate ao Ass\u00e9dio no Servi\u00e7o P\u00fablico, evento organizado pela Federa\u00e7\u00e3o, em parceria com os Sindicatos filiados, \u00f3rg\u00e3os de governo e o Sindicatos Online. O evento ocorre nos dias 26 e 27 de agosto, e as inscri\u00e7\u00f5es foram prorrogadas at\u00e9 s\u00e1bado, dia 24, \u00e0s 23h59. Esta \u00e9 sua chance de se inscrever.<\/p>\n\n\n\n<p>A Fessp-Esp ressalta que o evento \u00e9 gratuito e, ao final do Simp\u00f3sio, os participantes receber\u00e3o certificado de participa\u00e7\u00e3o, que podem, inclusive, auxiliar na obten\u00e7\u00e3o de ganhos na carreira. Para se inscrever, basta acessar este\u00a0<a href=\"https:\/\/www.sympla.com.br\/evento\/1-simposio-sobre-assedios-no-servico-publico\/2555158\">link<\/a>. Voc\u00ea ser\u00e1 direcionado para a plataforma\u00a0<a href=\"https:\/\/www.sympla.com.br\/evento\/1-simposio-sobre-assedios-no-servico-publico\/2555158\">Sympla<\/a>. L\u00e1, \u00e9 preciso selecionar a compra de um ingresso e o interessado ser\u00e1 redirecionado para a p\u00e1gina de cadastro. Este passo \u00e9 muito importante, pois apenas com todos os dados preenchidos corretamente o Servidor poder\u00e1 obter seu certificado. Ao finalizar o cadastro, os participantes recebem a confirma\u00e7\u00e3o e informa\u00e7\u00f5es complementares atrav\u00e9s do e-mail informado.<\/p>\n\n\n\n<p>O evento ser\u00e1 realizado no Grande Audit\u00f3rio da Secretaria da Fazenda, localizada na Avenida Rangel Pestana, 300, 17\u00ba andar, S\u00e9, S\u00e3o Paulo Capital. Confira abaixo a programa\u00e7\u00e3o oficial do evento:<\/p>\n\n\n\n<p><strong>Dia 26\/08<br><\/strong>13h00 \u2013 <strong>Credenciamento dos participantes e recep\u00e7\u00e3o das autoridades<\/strong>;<br>14h00 \u2013 <strong>Abertura do 1\u00ba Simp\u00f3sio sobre Combate ao Ass\u00e9dio no Servi\u00e7o P\u00fablico<\/strong>;<br>15h30 \u2013 <strong>Premia\u00e7\u00e3o \u2013 Pr\u00eamio FESSP-ESP &#8211; Pelas Boas Pr\u00e1ticas no Servi\u00e7o P\u00fablico<\/strong>;<br>15h45 \u2013 <strong>Capacitismo <\/strong>&#8211; <em>Palestrante Deputada Estadual Andr\u00e9a Werner<\/em>;<br>16h00 \u2013 <strong>Coffee Break<\/strong>;<br>16h20 \u2013 <strong>O controle dos ass\u00e9dios no Servi\u00e7o P\u00fablico Federal e no Minist\u00e9rio das Rela\u00e7\u00f5es Exteriores: estudo de caso e dados<\/strong> &#8211; <em>Palestrante Dra. Eliane Monteiro Ces\u00e1rio &#8211; Assessora Sindical Sinditamaraty<\/em>;<br>17h00 \u2013 <strong>Implementa\u00e7\u00e3o de acolhimento de den\u00fancias sobre ass\u00e9dios na SEFAZ<\/strong> &#8211; <em>Palestrante Ver\u00f4nica Tavares- Subcorregedora SEFAZ<\/em>;<br>17h45 \u2013 <strong>T\u00e9cnica de ambiente laboral saud\u00e1vel<\/strong>;<br>18h00 \u2013 <strong>Encerramento<\/strong><\/p>\n\n\n\n<p><strong>Di\u00e1 27\/08<br><\/strong>08h30 \u2013 <strong>Recep\u00e7\u00e3o<\/strong>;<br>09h00 \u2013 <strong>Conhecer seus direitos para evitar o ass\u00e9dio<\/strong> &#8211; <em>Palestrante Terezinha Simioli Tomazi &#8211; Especialista em RH das Pol\u00edcias Civil e Cient\u00edfica<\/em>;<br>09h40 \u2013 <strong>Gerenciamento de Riscos Ocupacionais no Servi\u00e7o P\u00fablico<\/strong> &#8211; <em>Palestrante Dr. Gilmar Trivelato &#8211; Pesquisador da Fundacentro<\/em>;<br>10h20 \u2013 <strong>Coffe Break<\/strong>;<br>10h40 \u2013 <strong>Pesquisa Sinpcresp sobre ass\u00e9dio contra peritas criminais na SPTC<\/strong> &#8211; <em>Palestrantes Dra. Karla Campos e Dr. Eduardo Becker &#8211; Peritos Criminais (SPTC)<\/em>;<br>10h50 \u2013 <strong>Iniciativa de combate ao ass\u00e9dio na Administra\u00e7\u00e3o P\u00fablica<\/strong> \u2013 <strong>A experi\u00eancia na Implementa\u00e7\u00e3o na Defensoria P\u00fablica do Estado de S\u00e3o Paulo<\/strong> &#8211; <em>Palestrante Cristina Pereira de Oliveira &#8211; Coordenadora Geral da Associa\u00e7\u00e3o dos Servidores na Defensoria P\u00fablica do Estado de SP<\/em>;<br>11h30 \u2013 <strong>O Ass\u00e9dio Moral como Infra\u00e7\u00e3o Disciplinar<\/strong> &#8211; <em>Palestrante Dra. Margarete Gon\u00e7alves Pedroso &#8211; Procuradora do Estado de S\u00e3o Paulo<\/em>;<br>12h00 \u2013 <strong>Almo\u00e7o<\/strong>;<br>13h30 \u2013 <strong>A defesa do servidor no caso de ass\u00e9dio<\/strong> &#8211; <em>Palestrante Dr. Yuri Caralescov &#8211; Procurador da ALESP<\/em>;<br>14h10 \u2013 <strong>Os tipos de ass\u00e9dios e sua configura\u00e7\u00e3o<\/strong> &#8211; <em>Palestrante Dra. Patr\u00edcia Almeida Ramos &#8211; Ju\u00edza da 69\u00aa Vara do TRT<\/em>;<br>14h50 \u2013 <strong>O entendimento jurisprudencial na Corte sobre Ass\u00e9dio: A\u00e7\u00f5es mantidas no combate ao ass\u00e9dio dentro do TJSP<\/strong> &#8211; <em>Palestrantes Dr. Henrique Nelson (Desembargador do TJ-SP) e Dra. Helen Patr\u00edcia<\/em>;<br>15h30 \u2013 <strong>Coffee Break<\/strong>;<br>15h50 \u2013 <strong>Conven\u00e7\u00e3o 190 da OIT &#8211; Ass\u00e9dios<\/strong> &#8211; <em>Palestrante Fernando de Lima &#8211; Economista do DIEESE<\/em>;<br>16h00 \u2013 <strong>Debates e encaminhamentos sobre a\u00e7\u00f5es para combater as formas de ass\u00e9dios<\/strong>;<br>17h30 &#8211; <strong>Encerramento<\/strong>.<\/p>\n\n\n\n<figure class=\"wp-block-image size-large\"><img loading=\"lazy\" decoding=\"async\" width=\"724\" height=\"1024\" src=\"https:\/\/fessp-esp.org.br\/wp-content\/uploads\/2024\/08\/Programacao-1-Simposio-Fessp-Esp-1-724x1024.png\" alt=\"\" class=\"wp-image-9796\" srcset=\"https:\/\/fessp-esp.org.br\/wp-content\/uploads\/2024\/08\/Programacao-1-Simposio-Fessp-Esp-1-724x1024.png 724w, https:\/\/fessp-esp.org.br\/wp-content\/uploads\/2024\/08\/Programacao-1-Simposio-Fessp-Esp-1-212x300.png 212w, https:\/\/fessp-esp.org.br\/wp-content\/uploads\/2024\/08\/Programacao-1-Simposio-Fessp-Esp-1-768x1086.png 768w, https:\/\/fessp-esp.org.br\/wp-content\/uploads\/2024\/08\/Programacao-1-Simposio-Fessp-Esp-1-1086x1536.png 1086w, https:\/\/fessp-esp.org.br\/wp-content\/uploads\/2024\/08\/Programacao-1-Simposio-Fessp-Esp-1.png 1414w\" sizes=\"auto, (max-width: 724px) 100vw, 724px\" \/><\/figure>\n","protected":false},"excerpt":{"rendered":"<p>Est\u00e1 no ar a programa\u00e7\u00e3o oficial do 1\u00ba Simp\u00f3sio sobre Combate ao Ass\u00e9dio no Servi\u00e7o P\u00fablico, evento organizado pela Federa\u00e7\u00e3o,<\/p>\n","protected":false},"author":3,"featured_media":9795,"comment_status":"open","ping_status":"open","sticky":false,"template":"","format":"standard","meta":{"colormag_page_container_layout":"default_layout","colormag_page_sidebar_layout":"default_layout","footnotes":""},"categories":[1],"tags":[],"class_list":["post-9794","post","type-post","status-publish","format-standard","has-post-thumbnail","hentry","category-sem-categoria"],"_links":{"self":[{"href":"https:\/\/fessp-esp.org.br\/index.php?rest_route=\/wp\/v2\/posts\/9794","targetHints":{"allow":["GET"]}}],"collection":[{"href":"https:\/\/fessp-esp.org.br\/index.php?rest_route=\/wp\/v2\/posts"}],"about":[{"href":"https:\/\/fessp-esp.org.br\/index.php?rest_route=\/wp\/v2\/types\/post"}],"author":[{"embeddable":true,"href":"https:\/\/fessp-esp.org.br\/index.php?rest_route=\/wp\/v2\/users\/3"}],"replies":[{"embeddable":true,"href":"https:\/\/fessp-esp.org.br\/index.php?rest_route=%2Fwp%2Fv2%2Fcomments&post=9794"}],"version-history":[{"count":1,"href":"https:\/\/fessp-esp.org.br\/index.php?rest_route=\/wp\/v2\/posts\/9794\/revisions"}],"predecessor-version":[{"id":9797,"href":"https:\/\/fessp-esp.org.br\/index.php?rest_route=\/wp\/v2\/posts\/9794\/revisions\/9797"}],"wp:featuredmedia":[{"embeddable":true,"href":"https:\/\/fessp-esp.org.br\/index.php?rest_route=\/wp\/v2\/media\/9795"}],"wp:attachment":[{"href":"https:\/\/fessp-esp.org.br\/index.php?rest_route=%2Fwp%2Fv2%2Fmedia&parent=9794"}],"wp:term":[{"taxonomy":"category","embeddable":true,"href":"https:\/\/fessp-esp.org.br\/index.php?rest_route=%2Fwp%2Fv2%2Fcategories&post=9794"},{"taxonomy":"post_tag","embeddable":true,"href":"https:\/\/fessp-esp.org.br\/index.php?rest_route=%2Fwp%2Fv2%2Ftags&post=9794"}],"curies":[{"name":"wp","href":"https:\/\/api.w.org\/{rel}","templated":true}]}}