{"id":9798,"date":"2024-08-22T15:06:16","date_gmt":"2024-08-22T18:06:16","guid":{"rendered":"https:\/\/fessp-esp.org.br\/?p=9798"},"modified":"2024-08-22T15:15:28","modified_gmt":"2024-08-22T18:15:28","slug":"atencao-servidor-preencha-o-requerimento-de-dispensa-de-ponto","status":"publish","type":"post","link":"https:\/\/fessp-esp.org.br\/?p=9798","title":{"rendered":"Aten\u00e7\u00e3o, Servidor: preencha o Requerimento de Dispensa de Ponto!"},"content":{"rendered":"\n<figure class=\"wp-block-image aligncenter size-large is-resized\"><img loading=\"lazy\" decoding=\"async\" width=\"1024\" height=\"537\" src=\"https:\/\/fessp-esp.org.br\/wp-content\/uploads\/2024\/08\/d9ffbb85-bab6-4d91-9e59-a87c61edd070-1024x537.jpg\" alt=\"\" class=\"wp-image-9791\" style=\"width:685px;height:auto\" srcset=\"https:\/\/fessp-esp.org.br\/wp-content\/uploads\/2024\/08\/d9ffbb85-bab6-4d91-9e59-a87c61edd070-1024x537.jpg 1024w, https:\/\/fessp-esp.org.br\/wp-content\/uploads\/2024\/08\/d9ffbb85-bab6-4d91-9e59-a87c61edd070-300x157.jpg 300w, https:\/\/fessp-esp.org.br\/wp-content\/uploads\/2024\/08\/d9ffbb85-bab6-4d91-9e59-a87c61edd070-768x403.jpg 768w, https:\/\/fessp-esp.org.br\/wp-content\/uploads\/2024\/08\/d9ffbb85-bab6-4d91-9e59-a87c61edd070-1536x805.jpg 1536w, https:\/\/fessp-esp.org.br\/wp-content\/uploads\/2024\/08\/d9ffbb85-bab6-4d91-9e59-a87c61edd070-390x205.jpg 390w, https:\/\/fessp-esp.org.br\/wp-content\/uploads\/2024\/08\/d9ffbb85-bab6-4d91-9e59-a87c61edd070.jpg 1600w\" sizes=\"auto, (max-width: 1024px) 100vw, 1024px\" \/><\/figure>\n\n\n\n<p><strong>Aten\u00e7\u00e3o<\/strong>, Servidor que se inscreveu no <strong><a href=\"https:\/\/fessp-esp.org.br\/programacao-do-1o-simposio-de-combate-ao-assedio-esta-no-ar\/\">1\u00ba Simp\u00f3sio sobre Combate ao Ass\u00e9dio no Servi\u00e7o P\u00fablico<\/a><\/strong>. J\u00e1 est\u00e1 dispon\u00edvel para <a href=\"https:\/\/fessp-esp.org.br\/wp-content\/uploads\/2024\/08\/Requerimento-de-Dispensa-de-Ponto-1-Simposio-sobre-combate-ao-assedio-no-servico-publico-1.pdf\">download<\/a> e preenchimento o <a href=\"https:\/\/fessp-esp.org.br\/wp-content\/uploads\/2024\/08\/Requerimento-de-Dispensa-de-Ponto-1-Simposio-sobre-combate-ao-assedio-no-servico-publico-1.pdf\">Requerimento de Dispensa de Ponto<\/a> para a participa\u00e7\u00e3o no evento, organizado pela Federa\u00e7\u00e3o, em parceria com os Sindicatos filiados, o Sindicatos Online e \u00f3rg\u00e3os do Governo Estadual.<\/p>\n\n\n\n<p>O documento deve ser preenchido corretamente e entregue \u00e0 chefia imediata para que seja feita a dispensa de ponto nos dias 26 e 27 de agosto, data em que ocorre o nosso evento.<\/p>\n\n\n\n<p>A Fessp-Esp ressalta que o governador do Estado de S\u00e3o Paulo, Tarc\u00edsio de Freitas, atendeu ao requerimento da entidade para a dispensa de ponto dos Servidores.<\/p>\n\n\n\n<p>Al\u00e9m disso, \u00e9 preciso observar as seguintes regras:<br><strong>1) <\/strong>Estar inscrito no evento (<strong>caso ainda n\u00e3o tenha feito sua inscri\u00e7\u00e3o, clique <a href=\"https:\/\/www.sympla.com.br\/evento\/1-simposio-sobre-assedios-no-servico-publico\/2555158\">aqui<\/a><\/strong>);<br><strong>2)<\/strong> Juntar ao Requerimento o e-mail de confirma\u00e7\u00e3o da inscri\u00e7\u00e3o;<br><strong>3)<\/strong> Encaminhar o Certificado de Participa\u00e7\u00e3o, juntamente com um relat\u00f3rio do evento, ao superior imediato em um prazo de 30 dias.<\/p>\n\n\n\n<p><strong>Requerimento de Dispensa de Ponto<br><\/strong>Clique <a href=\"https:\/\/fessp-esp.org.br\/wp-content\/uploads\/2024\/08\/Requerimento-de-Dispensa-de-Ponto-1-Simposio-sobre-combate-ao-assedio-no-servico-publico-1.pdf\">aqui<\/a> e baixe o documento, preencha corretamente observando as regras acima e entregue \u00e0 chefia imediata. <strong>A Federa\u00e7\u00e3o deseja a todos um proveitoso e enriquecedor evento!<\/strong><\/p>\n","protected":false},"excerpt":{"rendered":"<p>Aten\u00e7\u00e3o, Servidor que se inscreveu no 1\u00ba Simp\u00f3sio sobre Combate ao Ass\u00e9dio no Servi\u00e7o P\u00fablico. J\u00e1 est\u00e1 dispon\u00edvel para download<\/p>\n","protected":false},"author":3,"featured_media":9791,"comment_status":"open","ping_status":"open","sticky":false,"template":"","format":"standard","meta":{"colormag_page_container_layout":"default_layout","colormag_page_sidebar_layout":"default_layout","footnotes":""},"categories":[1],"tags":[],"class_list":["post-9798","post","type-post","status-publish","format-standard","has-post-thumbnail","hentry","category-sem-categoria"],"_links":{"self":[{"href":"https:\/\/fessp-esp.org.br\/index.php?rest_route=\/wp\/v2\/posts\/9798","targetHints":{"allow":["GET"]}}],"collection":[{"href":"https:\/\/fessp-esp.org.br\/index.php?rest_route=\/wp\/v2\/posts"}],"about":[{"href":"https:\/\/fessp-esp.org.br\/index.php?rest_route=\/wp\/v2\/types\/post"}],"author":[{"embeddable":true,"href":"https:\/\/fessp-esp.org.br\/index.php?rest_route=\/wp\/v2\/users\/3"}],"replies":[{"embeddable":true,"href":"https:\/\/fessp-esp.org.br\/index.php?rest_route=%2Fwp%2Fv2%2Fcomments&post=9798"}],"version-history":[{"count":2,"href":"https:\/\/fessp-esp.org.br\/index.php?rest_route=\/wp\/v2\/posts\/9798\/revisions"}],"predecessor-version":[{"id":9801,"href":"https:\/\/fessp-esp.org.br\/index.php?rest_route=\/wp\/v2\/posts\/9798\/revisions\/9801"}],"wp:featuredmedia":[{"embeddable":true,"href":"https:\/\/fessp-esp.org.br\/index.php?rest_route=\/wp\/v2\/media\/9791"}],"wp:attachment":[{"href":"https:\/\/fessp-esp.org.br\/index.php?rest_route=%2Fwp%2Fv2%2Fmedia&parent=9798"}],"wp:term":[{"taxonomy":"category","embeddable":true,"href":"https:\/\/fessp-esp.org.br\/index.php?rest_route=%2Fwp%2Fv2%2Fcategories&post=9798"},{"taxonomy":"post_tag","embeddable":true,"href":"https:\/\/fessp-esp.org.br\/index.php?rest_route=%2Fwp%2Fv2%2Ftags&post=9798"}],"curies":[{"name":"wp","href":"https:\/\/api.w.org\/{rel}","templated":true}]}}