{"id":9810,"date":"2024-10-07T12:51:08","date_gmt":"2024-10-07T15:51:08","guid":{"rendered":"https:\/\/fessp-esp.org.br\/?p=9810"},"modified":"2024-10-07T14:38:08","modified_gmt":"2024-10-07T17:38:08","slug":"simposio-alerta-e-encaminha-demandas-importantes-para-servidores-estaduais","status":"publish","type":"post","link":"https:\/\/fessp-esp.org.br\/?p=9810","title":{"rendered":"Simp\u00f3sio alerta e encaminha demandas importantes para Servidores Estaduais"},"content":{"rendered":"\n<figure class=\"wp-block-image aligncenter size-large is-resized\"><img loading=\"lazy\" decoding=\"async\" width=\"1024\" height=\"683\" src=\"https:\/\/fessp-esp.org.br\/wp-content\/uploads\/2024\/08\/final-simposio-1024x683.jpg\" alt=\"\" class=\"wp-image-9812\" style=\"width:646px;height:auto\" srcset=\"https:\/\/fessp-esp.org.br\/wp-content\/uploads\/2024\/08\/final-simposio-1024x683.jpg 1024w, https:\/\/fessp-esp.org.br\/wp-content\/uploads\/2024\/08\/final-simposio-300x200.jpg 300w, https:\/\/fessp-esp.org.br\/wp-content\/uploads\/2024\/08\/final-simposio-768x512.jpg 768w, https:\/\/fessp-esp.org.br\/wp-content\/uploads\/2024\/08\/final-simposio-1536x1024.jpg 1536w, https:\/\/fessp-esp.org.br\/wp-content\/uploads\/2024\/08\/final-simposio.jpg 1600w\" sizes=\"auto, (max-width: 1024px) 100vw, 1024px\" \/><figcaption class=\"wp-element-caption\">Encaminhamentos do Simp\u00f3sio de Combate ao Ass\u00e9dio visam proporcionar um ambiente de trabalho mais saud\u00e1vel para todos. Foto: Renato Luque\/Imprensa Fessp-Esp.<\/figcaption><\/figure>\n\n\n\n<p>A Federa\u00e7\u00e3o promoveu nesta semana, nos dias 26 e 27, o 1\u00ba Simp\u00f3sio sobre Combate ao Ass\u00e9dio no Servi\u00e7o P\u00fablico. Durante dois dias, os palestrantes convidados ressaltaram a import\u00e2ncia de se aprofundar no tema para evitar que os Servidores sejam v\u00edtimas destas pr\u00e1ticas que, infelizmente, est\u00e3o presentes nos ambientes de trabalho.<\/p>\n\n\n\n<p>O Simp\u00f3sio recebeu a presen\u00e7a de diversos Servidores, das mais distintas \u00e1reas de atua\u00e7\u00e3o, al\u00e9m de autoridades e dirigentes sindicais.<\/p>\n\n\n\n<p>Al\u00e9m das palestras, ocorreram premia\u00e7\u00f5es \u00e0queles que se destacaram por seu papel combativo ao ass\u00e9dio no Servi\u00e7o P\u00fablico. Os premiados foram o presidente da Confedera\u00e7\u00e3o dos Servidores P\u00fablicos do Brasil (CSPB), Jo\u00e3o Domingos Gomes dos Santos; o presidente da Assembleia Legislativa do Estado de S\u00e3o Paulo (Alesp), Deputado Andr\u00e9 do Prado; o 1\u00ba Secret\u00e1rio da Alesp, Deputado Teon\u00edlio Barba; o Ouvidos das Pol\u00edcias do Estado de S\u00e3o Paulo, Claudio Aparecido da Silva; o Coordenador da Administra\u00e7\u00e3o Tribut\u00e1ria, Maur\u00edcio Barutti de Oliveira; e a Servidora da Secretaria da Fazenda do Estado de S\u00e3o Paulo, Sheyne Cristina Leal.<\/p>\n\n\n\n<p>A cobertura do evento foi realizada pela parceira da Federa\u00e7\u00e3o, a Sindicatos Online, e houve transmiss\u00e3o ao vivo de todo o evento pelos canais de YouTube e Facebook da CSPB. A Federa\u00e7\u00e3o disponibilizar\u00e1 em breve todas as palestras em seu canal no YouTube, bem como todas as apresenta\u00e7\u00f5es dos palestrantes tamb\u00e9m estar\u00e3o online em nosso site.<\/p>\n\n\n\n<p>Para Lineu Mazano, presidente da Federa\u00e7\u00e3o, o evento foi um sucesso. &#8220;Tiramos um encaminhamento combativo, para que o Servidor esteja mais protegido em seu ambiente de trabalho e tenha apoio para denunciar casos de ass\u00e9dio moral e sexual. Al\u00e9m disso, j\u00e1 estamos planejando a pr\u00f3xima edi\u00e7\u00e3o do Simp\u00f3sio, com o apoio dos Sindicatos filiados. Com certeza, sa\u00edmos mais fortes e unidos deste grande evento&#8221;, conclui Lineu.<\/p>\n\n\n\n<p><strong>Assista<\/strong><br>O evento completo est\u00e1 dispon\u00edvel no canal da CSPB. Clique <a href=\"https:\/\/www.youtube.com\/@CSPBTV\">aqui<\/a> e assista agora mesmo!<\/p>\n\n\n\n<p><strong>Conte\u00fado<\/strong><br>Veja abaixo todas as apresenta\u00e7\u00f5es do Simp\u00f3sio.<\/p>\n\n\n\n<p><strong><a href=\"https:\/\/fessp-esp.org.br\/wp-content\/uploads\/2024\/10\/ASSEDIO-SERVICO-PUBLICO-2.pptx\">Ass\u00e9dio no Servi\u00e7o Publico: a defesa do servidor &#8211; <em>Yuri Carajelescov<\/em><\/a><br><a href=\"https:\/\/fessp-esp.org.br\/wp-content\/uploads\/2024\/10\/final-SLIDES-ACOLHIMENTO-SEFAZ.pptx\">Implementa\u00e7\u00e3o de acolhimentos de den\u00fancias sobre ass\u00e9dios na Sefaz &#8211; <em>Ver\u00f4nica Ramos Tavares<\/em><br><\/a><a href=\"https:\/\/fessp-esp.org.br\/wp-content\/uploads\/2024\/10\/Estrategias-sindicais-de-enfrentamento-assedio-Fesserp-.pptx\">Estrat\u00e9gias sindicais de enfrentamento ao ass\u00e9dio &#8211; <em>Eliane Cesario<\/em><br><\/a><a href=\"https:\/\/fessp-esp.org.br\/wp-content\/uploads\/2024\/10\/Iniciativa-de-combate-ao-assedio-na-Administracao-Publica-1o-Simposio-Combate-Assedio-Servico-Publico.pptx\">Iniciativa de combate ao ass\u00e9dio na Administra\u00e7\u00e3o P\u00fablica &#8211; <em>Cristina Pereira de Oliveira<\/em><br><\/a><a href=\"https:\/\/fessp-esp.org.br\/wp-content\/uploads\/2024\/10\/ASSEDIO-MORAL-secretaria-fazenda.pptx\">Ass\u00e9dio Moral: aspectos disciplinares &#8211; <em>Margarete Pedroso<\/em><br><\/a><a href=\"https:\/\/fessp-esp.org.br\/wp-content\/uploads\/2024\/10\/KARLA_BECKER_Pesquisa-sobre-assedio-e-discriminacao-contra-Peritas-Criminais-REVISADA-1.pdf\">Pesquisa sobre ass\u00e9dio e discrimina\u00e7\u00e3o contra Peritas Criminais &#8211; <em>Karla Campos e Eduardo Becker<\/em><br><\/a><a href=\"https:\/\/fessp-esp.org.br\/wp-content\/uploads\/2024\/10\/PATRICIA_ASSEDIO-MORAL-FESSP-ESP-1.pdf\">O processo perverso de viol\u00eancia psicol\u00f3gica &#8211; <em>Patricia Almeida Ramos<\/em><br><\/a><a href=\"https:\/\/fessp-esp.org.br\/wp-content\/uploads\/2024\/10\/FERNANDO_DIEESE-Assedio-no-Mundo-do-Trabalho-Convencao-190-da-OIT-082024-1.pdf\">Ass\u00e9dio no Mundo do Trabalho &#8211; <em>Fernando Lima<\/em><\/a><\/strong><\/p>\n","protected":false},"excerpt":{"rendered":"<p>A Federa\u00e7\u00e3o promoveu nesta semana, nos dias 26 e 27, o 1\u00ba Simp\u00f3sio sobre Combate ao Ass\u00e9dio no Servi\u00e7o P\u00fablico.<\/p>\n","protected":false},"author":3,"featured_media":9812,"comment_status":"open","ping_status":"open","sticky":false,"template":"","format":"standard","meta":{"colormag_page_container_layout":"default_layout","colormag_page_sidebar_layout":"default_layout","footnotes":""},"categories":[29,1],"tags":[],"class_list":["post-9810","post","type-post","status-publish","format-standard","has-post-thumbnail","hentry","category-nossos-filiados","category-sem-categoria"],"_links":{"self":[{"href":"https:\/\/fessp-esp.org.br\/index.php?rest_route=\/wp\/v2\/posts\/9810","targetHints":{"allow":["GET"]}}],"collection":[{"href":"https:\/\/fessp-esp.org.br\/index.php?rest_route=\/wp\/v2\/posts"}],"about":[{"href":"https:\/\/fessp-esp.org.br\/index.php?rest_route=\/wp\/v2\/types\/post"}],"author":[{"embeddable":true,"href":"https:\/\/fessp-esp.org.br\/index.php?rest_route=\/wp\/v2\/users\/3"}],"replies":[{"embeddable":true,"href":"https:\/\/fessp-esp.org.br\/index.php?rest_route=%2Fwp%2Fv2%2Fcomments&post=9810"}],"version-history":[{"count":2,"href":"https:\/\/fessp-esp.org.br\/index.php?rest_route=\/wp\/v2\/posts\/9810\/revisions"}],"predecessor-version":[{"id":9869,"href":"https:\/\/fessp-esp.org.br\/index.php?rest_route=\/wp\/v2\/posts\/9810\/revisions\/9869"}],"wp:featuredmedia":[{"embeddable":true,"href":"https:\/\/fessp-esp.org.br\/index.php?rest_route=\/wp\/v2\/media\/9812"}],"wp:attachment":[{"href":"https:\/\/fessp-esp.org.br\/index.php?rest_route=%2Fwp%2Fv2%2Fmedia&parent=9810"}],"wp:term":[{"taxonomy":"category","embeddable":true,"href":"https:\/\/fessp-esp.org.br\/index.php?rest_route=%2Fwp%2Fv2%2Fcategories&post=9810"},{"taxonomy":"post_tag","embeddable":true,"href":"https:\/\/fessp-esp.org.br\/index.php?rest_route=%2Fwp%2Fv2%2Ftags&post=9810"}],"curies":[{"name":"wp","href":"https:\/\/api.w.org\/{rel}","templated":true}]}}