{"id":9846,"date":"2024-09-30T13:46:24","date_gmt":"2024-09-30T16:46:24","guid":{"rendered":"https:\/\/fessp-esp.org.br\/?p=9846"},"modified":"2024-09-30T13:46:25","modified_gmt":"2024-09-30T16:46:25","slug":"federacao-se-reune-com-procurador-geral-de-justica-e-debate-combate-ao-assedio","status":"publish","type":"post","link":"https:\/\/fessp-esp.org.br\/?p=9846","title":{"rendered":"Federa\u00e7\u00e3o se re\u00fane com Procurador-Geral de Justi\u00e7a e debate combate ao ass\u00e9dio"},"content":{"rendered":"\n<figure class=\"wp-block-image aligncenter size-large is-resized\"><img loading=\"lazy\" decoding=\"async\" width=\"1024\" height=\"760\" src=\"https:\/\/fessp-esp.org.br\/wp-content\/uploads\/2024\/09\/reuniao-fessp-esp-procurador-geral-justica-1024x760.jpg\" alt=\"\" class=\"wp-image-9847\" style=\"width:676px;height:auto\" srcset=\"https:\/\/fessp-esp.org.br\/wp-content\/uploads\/2024\/09\/reuniao-fessp-esp-procurador-geral-justica-1024x760.jpg 1024w, https:\/\/fessp-esp.org.br\/wp-content\/uploads\/2024\/09\/reuniao-fessp-esp-procurador-geral-justica-300x223.jpg 300w, https:\/\/fessp-esp.org.br\/wp-content\/uploads\/2024\/09\/reuniao-fessp-esp-procurador-geral-justica-768x570.jpg 768w, https:\/\/fessp-esp.org.br\/wp-content\/uploads\/2024\/09\/reuniao-fessp-esp-procurador-geral-justica-1536x1140.jpg 1536w, https:\/\/fessp-esp.org.br\/wp-content\/uploads\/2024\/09\/reuniao-fessp-esp-procurador-geral-justica.jpg 1600w\" sizes=\"auto, (max-width: 1024px) 100vw, 1024px\" \/><figcaption class=\"wp-element-caption\">Isa\u00edas Celestino, Anselmo Deniz, Paulo S\u00e9rgio de Oliveira e Costa e Lineu Mazano, em reuni\u00e3o na Procuradoria-Geral de Justi\u00e7a de S\u00e3o Paulo. Foto: Imprensa Fessp-Esp.<\/figcaption><\/figure>\n\n\n\n<p>O presidente da Federa\u00e7\u00e3o, Lineu Mazano, acompanhado do secret\u00e1rio-geral, Isa\u00edas Celestino, e do diretor de Assuntos do Minist\u00e9rio P\u00fablico, Anselmo Deniz, se reuniu com o Procurador-Geral de Justi\u00e7a de S\u00e3o Paulo, Paulo S\u00e9rgio de Oliveira e Costa. Na ocasi\u00e3o, foi discutida a necessidade de unir esfor\u00e7os no combate ao ass\u00e9dio no Servi\u00e7o P\u00fablico.<\/p>\n\n\n\n<p>O encontro ocorreu no Gabinete da Procuradoria-Geral de Justi\u00e7a e, segundo o presidente Lineu Mazano, o titular da Pasta se mostrou disposto a atuar em parceria com a Federa\u00e7\u00e3o para a realiza\u00e7\u00e3o de um evento sobre a quest\u00e3o.<\/p>\n\n\n\n<p>&#8220;No final de agosto, a Federa\u00e7\u00e3o promoveu o 1\u00ba Simp\u00f3sio de Combate ao Ass\u00e9dio e foi um marco hist\u00f3rico para a entidade. Al\u00e9m da ampla participa\u00e7\u00e3o dos Servidores e dirigentes sindicais de diversas categorias, tivemos tamb\u00e9m a presen\u00e7a de membros do Governo do Estado, o que mostra que este \u00e9 um tema de interesse para todas as partes&#8221;, afirma o presidente da Fessp-Esp.<\/p>\n\n\n\n<p>Para Lineu Mazano, estreitar la\u00e7os com alas do Governo \u00e9 muito importante para a atua\u00e7\u00e3o da Federa\u00e7\u00e3o. &#8220;Precisamos nos aproximar do Governo para que o beneficiado com todo o di\u00e1logo seja o Servidor P\u00fablico do Estado. E estamos empenhando esfor\u00e7os de nossos diretores para com representantes dos \u00f3rg\u00e3os estaduais para que essa aproxima\u00e7\u00e3o seja ben\u00e9fica para todos&#8221;, completa.<\/p>\n\n\n\n<p>&#8220;Agora, iremos seguir em contato e discutir a promo\u00e7\u00e3o de um evento, em parceria com a Procuradoria-Geral de Justi\u00e7a do Estado, o Minist\u00e9rio P\u00fablico e outros \u00f3rg\u00e3os, com o foco no combate ao ass\u00e9dio no Servi\u00e7o P\u00fablico&#8221;, conclui Lineu.<\/p>\n","protected":false},"excerpt":{"rendered":"<p>O presidente da Federa\u00e7\u00e3o, Lineu Mazano, acompanhado do secret\u00e1rio-geral, Isa\u00edas Celestino, e do diretor de Assuntos do Minist\u00e9rio P\u00fablico, Anselmo<\/p>\n","protected":false},"author":3,"featured_media":9847,"comment_status":"open","ping_status":"open","sticky":false,"template":"","format":"standard","meta":{"colormag_page_container_layout":"default_layout","colormag_page_sidebar_layout":"default_layout","footnotes":""},"categories":[1],"tags":[],"class_list":["post-9846","post","type-post","status-publish","format-standard","has-post-thumbnail","hentry","category-sem-categoria"],"_links":{"self":[{"href":"https:\/\/fessp-esp.org.br\/index.php?rest_route=\/wp\/v2\/posts\/9846","targetHints":{"allow":["GET"]}}],"collection":[{"href":"https:\/\/fessp-esp.org.br\/index.php?rest_route=\/wp\/v2\/posts"}],"about":[{"href":"https:\/\/fessp-esp.org.br\/index.php?rest_route=\/wp\/v2\/types\/post"}],"author":[{"embeddable":true,"href":"https:\/\/fessp-esp.org.br\/index.php?rest_route=\/wp\/v2\/users\/3"}],"replies":[{"embeddable":true,"href":"https:\/\/fessp-esp.org.br\/index.php?rest_route=%2Fwp%2Fv2%2Fcomments&post=9846"}],"version-history":[{"count":1,"href":"https:\/\/fessp-esp.org.br\/index.php?rest_route=\/wp\/v2\/posts\/9846\/revisions"}],"predecessor-version":[{"id":9848,"href":"https:\/\/fessp-esp.org.br\/index.php?rest_route=\/wp\/v2\/posts\/9846\/revisions\/9848"}],"wp:featuredmedia":[{"embeddable":true,"href":"https:\/\/fessp-esp.org.br\/index.php?rest_route=\/wp\/v2\/media\/9847"}],"wp:attachment":[{"href":"https:\/\/fessp-esp.org.br\/index.php?rest_route=%2Fwp%2Fv2%2Fmedia&parent=9846"}],"wp:term":[{"taxonomy":"category","embeddable":true,"href":"https:\/\/fessp-esp.org.br\/index.php?rest_route=%2Fwp%2Fv2%2Fcategories&post=9846"},{"taxonomy":"post_tag","embeddable":true,"href":"https:\/\/fessp-esp.org.br\/index.php?rest_route=%2Fwp%2Fv2%2Ftags&post=9846"}],"curies":[{"name":"wp","href":"https:\/\/api.w.org\/{rel}","templated":true}]}}