{"id":9921,"date":"2024-11-01T14:47:35","date_gmt":"2024-11-01T17:47:35","guid":{"rendered":"https:\/\/fessp-esp.org.br\/?p=9921"},"modified":"2024-11-04T13:10:00","modified_gmt":"2024-11-04T16:10:00","slug":"365-colegas-participam-de-reuniao-virtual-pela-recomposicaosalarialja","status":"publish","type":"post","link":"https:\/\/fessp-esp.org.br\/?p=9921","title":{"rendered":"Sinafresp inicia campanha pela recomposi\u00e7\u00e3o salarial"},"content":{"rendered":"\n<figure class=\"wp-block-image aligncenter size-large is-resized\"><img loading=\"lazy\" decoding=\"async\" width=\"1024\" height=\"466\" src=\"https:\/\/fessp-esp.org.br\/wp-content\/uploads\/2024\/11\/Captura-de-tela-2024-10-30-171541-1024x466.png\" alt=\"\" class=\"wp-image-9922\" style=\"width:1070px;height:auto\" srcset=\"https:\/\/fessp-esp.org.br\/wp-content\/uploads\/2024\/11\/Captura-de-tela-2024-10-30-171541-1024x466.png 1024w, https:\/\/fessp-esp.org.br\/wp-content\/uploads\/2024\/11\/Captura-de-tela-2024-10-30-171541-300x136.png 300w, https:\/\/fessp-esp.org.br\/wp-content\/uploads\/2024\/11\/Captura-de-tela-2024-10-30-171541-768x349.png 768w, https:\/\/fessp-esp.org.br\/wp-content\/uploads\/2024\/11\/Captura-de-tela-2024-10-30-171541-1536x698.png 1536w, https:\/\/fessp-esp.org.br\/wp-content\/uploads\/2024\/11\/Captura-de-tela-2024-10-30-171541.png 1918w\" sizes=\"auto, (max-width: 1024px) 100vw, 1024px\" \/><figcaption class=\"wp-element-caption\">365 colegas participam de reuni\u00e3o virtual pela #Recomposi\u00e7\u00e3oSalarialJ\u00e1. Foto: Sinafresp\/Divulga\u00e7\u00e3o<\/figcaption><\/figure>\n\n\n\n<p>Mais de 350 colegas AFREs participaram, ontem (30), da reuni\u00e3o virtual do Sinafresp pela recomposi\u00e7\u00e3o salarial, refor\u00e7ando o engajamento da categoria neste momento decisivo.<\/p>\n\n\n\n<p>A vice-presidente do sindicato ressaltou a import\u00e2ncia da uni\u00e3o e da mobiliza\u00e7\u00e3o da classe, especialmente considerando a falta de um compromisso do governador com o reajuste do subs\u00eddio para o pr\u00f3ximo ano. Ela tamb\u00e9m destacou a necessidade de debater e construir coletivamente as estrat\u00e9gias para avan\u00e7ar nesta e em outras pautas priorit\u00e1rias, convocando toda a categoria para nossas pr\u00f3ximas a\u00e7\u00f5es por #Recomposi\u00e7\u00e3oSalarialJ\u00e1:<\/p>\n\n\n\n<p>07\/11, \u00e0s 10h &#8211; Parada Presencial: Colegas ativos, aposentados e pensionistas! Vamos parar nossas atividades e realizar uma manifesta\u00e7\u00e3o presencial na sede (5\u00ba andar) e nas regionais da Sefaz. Essa a\u00e7\u00e3o ter\u00e1 grande impacto e mostrar\u00e1 a nossa insatisfa\u00e7\u00e3o com a situa\u00e7\u00e3o atual.<br>04 \u00e0 11\/11 &#8211; Chuva de E-mails: Vamos inundar as caixas de entrada dos gestores da Secretaria da Fazenda e Planejamento com nossos pedidos de recomposi\u00e7\u00e3o salarial. Mostremos a for\u00e7a da nossa categoria e a import\u00e2ncia da nossa reivindica\u00e7\u00e3o.<br>O secret\u00e1rio-geral do Sinafresp apresentou um panorama detalhado sobre o teto salarial, recordando que, desde mar\u00e7o de 2022, o sindicato intensificou colabora\u00e7\u00f5es com entidades como a Defenda PM e a ADPESP para buscar solu\u00e7\u00f5es. Ele mencionou a infla\u00e7\u00e3o acumulada desde a \u00faltima recomposi\u00e7\u00e3o \u2013 4,2% em 2023 e estimativa de 4,3% para 2024 \u2013 e a import\u00e2ncia de estabelecer um teto remunerat\u00f3rio \u00fanico, objetivo que j\u00e1 conta com um manifesto e muitos esfor\u00e7os pol\u00edticos conjuntos.<\/p>\n\n\n\n<p>Outro assunto debatido foi o impacto da Lei dos Supersal\u00e1rios, quando a vice-presidente do Sinafresp destacou que, se o projeto andar, existe a possibilidade de incluir emendas que protejam os direitos da categoria.<\/p>\n\n\n\n<p>No encerramento, todos os participantes tiveram a oportunidade de se manifestar e fizeram importantes contribui\u00e7\u00f5es para fortalecer a mobiliza\u00e7\u00e3o. O Sinafresp refor\u00e7a o compromisso com a campanha #Recomposi\u00e7\u00e3oSalarialJ\u00e1 e convoca todos os filiados para as pr\u00f3ximas a\u00e7\u00f5es.<\/p>\n\n\n\n<p>Compartilhe com todos os colegas e vamos juntos nesta luta!<\/p>\n\n\n\n<p><a href=\"https:\/\/sinafresp.org.br\">https:\/\/sinafresp.org.br<\/a><\/p>\n\n\n\n<p><\/p>\n","protected":false},"excerpt":{"rendered":"<p>Mais de 350 colegas AFREs participaram, ontem (30), da reuni\u00e3o virtual do Sinafresp pela recomposi\u00e7\u00e3o salarial, refor\u00e7ando o engajamento da<\/p>\n","protected":false},"author":5,"featured_media":9922,"comment_status":"open","ping_status":"open","sticky":false,"template":"","format":"standard","meta":{"colormag_page_container_layout":"default_layout","colormag_page_sidebar_layout":"default_layout","footnotes":""},"categories":[29,1],"tags":[],"class_list":["post-9921","post","type-post","status-publish","format-standard","has-post-thumbnail","hentry","category-nossos-filiados","category-sem-categoria"],"_links":{"self":[{"href":"https:\/\/fessp-esp.org.br\/index.php?rest_route=\/wp\/v2\/posts\/9921","targetHints":{"allow":["GET"]}}],"collection":[{"href":"https:\/\/fessp-esp.org.br\/index.php?rest_route=\/wp\/v2\/posts"}],"about":[{"href":"https:\/\/fessp-esp.org.br\/index.php?rest_route=\/wp\/v2\/types\/post"}],"author":[{"embeddable":true,"href":"https:\/\/fessp-esp.org.br\/index.php?rest_route=\/wp\/v2\/users\/5"}],"replies":[{"embeddable":true,"href":"https:\/\/fessp-esp.org.br\/index.php?rest_route=%2Fwp%2Fv2%2Fcomments&post=9921"}],"version-history":[{"count":3,"href":"https:\/\/fessp-esp.org.br\/index.php?rest_route=\/wp\/v2\/posts\/9921\/revisions"}],"predecessor-version":[{"id":9927,"href":"https:\/\/fessp-esp.org.br\/index.php?rest_route=\/wp\/v2\/posts\/9921\/revisions\/9927"}],"wp:featuredmedia":[{"embeddable":true,"href":"https:\/\/fessp-esp.org.br\/index.php?rest_route=\/wp\/v2\/media\/9922"}],"wp:attachment":[{"href":"https:\/\/fessp-esp.org.br\/index.php?rest_route=%2Fwp%2Fv2%2Fmedia&parent=9921"}],"wp:term":[{"taxonomy":"category","embeddable":true,"href":"https:\/\/fessp-esp.org.br\/index.php?rest_route=%2Fwp%2Fv2%2Fcategories&post=9921"},{"taxonomy":"post_tag","embeddable":true,"href":"https:\/\/fessp-esp.org.br\/index.php?rest_route=%2Fwp%2Fv2%2Ftags&post=9921"}],"curies":[{"name":"wp","href":"https:\/\/api.w.org\/{rel}","templated":true}]}}