{"id":9978,"date":"2024-11-13T11:42:00","date_gmt":"2024-11-13T14:42:00","guid":{"rendered":"https:\/\/fessp-esp.org.br\/?p=9978"},"modified":"2024-11-14T11:24:07","modified_gmt":"2024-11-14T14:24:07","slug":"dieese-fara-curso-online-sobre-orcamento-publico-e-negociacao-coletiva","status":"publish","type":"post","link":"https:\/\/fessp-esp.org.br\/?p=9978","title":{"rendered":"Dieese far\u00e1 curso online sobre Or\u00e7amento P\u00fablico e Negocia\u00e7\u00e3o Coletiva"},"content":{"rendered":"\n<figure class=\"wp-block-image aligncenter size-full is-resized\"><img loading=\"lazy\" decoding=\"async\" width=\"629\" height=\"623\" src=\"https:\/\/fessp-esp.org.br\/wp-content\/uploads\/2024\/11\/image-5.png\" alt=\"\" class=\"wp-image-9979\" style=\"width:583px;height:auto\" srcset=\"https:\/\/fessp-esp.org.br\/wp-content\/uploads\/2024\/11\/image-5.png 629w, https:\/\/fessp-esp.org.br\/wp-content\/uploads\/2024\/11\/image-5-300x297.png 300w, https:\/\/fessp-esp.org.br\/wp-content\/uploads\/2024\/11\/image-5-150x150.png 150w\" sizes=\"auto, (max-width: 629px) 100vw, 629px\" \/><\/figure>\n\n\n\n<p>O Dieese, refer\u00eancia em estudos socioecon\u00f4micos, est\u00e1 com as inscri\u00e7\u00f5es abertas para o curso online Or\u00e7amento P\u00fablico e Negocia\u00e7\u00e3o Coletiva. A iniciativa, voltada para dirigentes sindicais, pesquisadores e demais interessados na tem\u00e1tica, visa aprofundar o conhecimento sobre a rela\u00e7\u00e3o entre o or\u00e7amento p\u00fablico e as din\u00e2micas da negocia\u00e7\u00e3o coletiva no setor p\u00fablico.<\/p>\n\n\n\n<p><strong>Aula<\/strong><br>As aulas ser\u00e3o realizadas em ambiente online, e acontecem nos dias 26 e 28 de novembro e 10 e 12d e dezembro, das 14h \u00e0s 17h.<\/p>\n\n\n\n<p><strong>Conte\u00fado<\/strong><br>O curso ir\u00e1 abordar temas como a estrutura do setor p\u00fablico brasileiro, a Conven\u00e7\u00e3o 151 da OIT (Organiza\u00e7\u00e3o Internacional do Trabalho) e regulamenta\u00e7\u00e3o do servi\u00e7o p\u00fablico, or\u00e7amento p\u00fablico e a atua\u00e7\u00e3o sindical, pr\u00e1ticas de negocia\u00e7\u00e3o coletiva, planejamento de campanha salarial e simula\u00e7\u00e3o da negocia\u00e7\u00e3o.<\/p>\n\n\n\n<p><strong>Estrutura<\/strong><br>As aulas ir\u00e3o oferecer oportunidades para compreender a fundo a rela\u00e7\u00e3o entre or\u00e7amento p\u00fablico e negocia\u00e7\u00f5es coletivas, al\u00e9m de dominar as ferramentas e t\u00e9cnicas de negocia\u00e7\u00e3o, e tamb\u00e9m aprender a planejar as campanhas salariais.<\/p>\n\n\n\n<p><strong>P\u00fablico-alvo<br><\/strong>O curso \u00e9 aberto a todos os interessados, especialmente a dirigentes sindicais, pesquisadores da \u00e1rea de rela\u00e7\u00f5es de trabalho e servidores p\u00fablicos.<\/p>\n\n\n\n<p><strong>Valores<\/strong><br>O valor do curso varia, assim sendo de R$ 500 para p\u00fablico geral e dirigentes de entidades n\u00e3o filiadas ao Dieese at\u00e9 dia 14\/11; a partir do dia 15\/11 o valor \u00e9 alterado para R$ 560. Membros de entidades s\u00f3cias do Dieese conseguem adquirir por outro valor, sendo R$ 380 (de 1 a 4 inscritos) e R$ 350 (a partir de 5 inscritos) at\u00e9 dia 14\/11. Seu valor \u00e9 alterado a partir do dia 15\/11, assim sendo R$ 480 (de 1 a 4 inscritos) e R$ 400 (a partir de 5 inscritos).<\/p>\n\n\n\n<p><strong>Como se inscrever?<br><\/strong>As inscri\u00e7\u00f5es podem ser feitas atrav\u00e9s do site da escola Dieese. <a href=\"https:\/\/escola.dieese.org.br\/orcamento-publico-e-negociacao-coletiva\/\">Clique aqui<\/a> e acesse.<\/p>\n","protected":false},"excerpt":{"rendered":"<p>O Dieese, refer\u00eancia em estudos socioecon\u00f4micos, est\u00e1 com as inscri\u00e7\u00f5es abertas para o curso online Or\u00e7amento P\u00fablico e Negocia\u00e7\u00e3o Coletiva.<\/p>\n","protected":false},"author":3,"featured_media":9979,"comment_status":"open","ping_status":"open","sticky":false,"template":"","format":"standard","meta":{"colormag_page_container_layout":"default_layout","colormag_page_sidebar_layout":"default_layout","footnotes":""},"categories":[1],"tags":[],"class_list":["post-9978","post","type-post","status-publish","format-standard","has-post-thumbnail","hentry","category-sem-categoria"],"_links":{"self":[{"href":"https:\/\/fessp-esp.org.br\/index.php?rest_route=\/wp\/v2\/posts\/9978","targetHints":{"allow":["GET"]}}],"collection":[{"href":"https:\/\/fessp-esp.org.br\/index.php?rest_route=\/wp\/v2\/posts"}],"about":[{"href":"https:\/\/fessp-esp.org.br\/index.php?rest_route=\/wp\/v2\/types\/post"}],"author":[{"embeddable":true,"href":"https:\/\/fessp-esp.org.br\/index.php?rest_route=\/wp\/v2\/users\/3"}],"replies":[{"embeddable":true,"href":"https:\/\/fessp-esp.org.br\/index.php?rest_route=%2Fwp%2Fv2%2Fcomments&post=9978"}],"version-history":[{"count":2,"href":"https:\/\/fessp-esp.org.br\/index.php?rest_route=\/wp\/v2\/posts\/9978\/revisions"}],"predecessor-version":[{"id":9981,"href":"https:\/\/fessp-esp.org.br\/index.php?rest_route=\/wp\/v2\/posts\/9978\/revisions\/9981"}],"wp:featuredmedia":[{"embeddable":true,"href":"https:\/\/fessp-esp.org.br\/index.php?rest_route=\/wp\/v2\/media\/9979"}],"wp:attachment":[{"href":"https:\/\/fessp-esp.org.br\/index.php?rest_route=%2Fwp%2Fv2%2Fmedia&parent=9978"}],"wp:term":[{"taxonomy":"category","embeddable":true,"href":"https:\/\/fessp-esp.org.br\/index.php?rest_route=%2Fwp%2Fv2%2Fcategories&post=9978"},{"taxonomy":"post_tag","embeddable":true,"href":"https:\/\/fessp-esp.org.br\/index.php?rest_route=%2Fwp%2Fv2%2Ftags&post=9978"}],"curies":[{"name":"wp","href":"https:\/\/api.w.org\/{rel}","templated":true}]}}